{"id":18058,"date":"2017-06-27T19:00:50","date_gmt":"2017-06-27T22:00:50","guid":{"rendered":"http:\/\/www.yungayino.cl\/noticias\/?p=18058"},"modified":"2017-06-27T22:05:26","modified_gmt":"2017-06-28T01:05:26","slug":"biblioteca-publica-de-yungay-celebro-tradicional-noche-de-san-juan-3","status":"publish","type":"post","link":"https:\/\/www.yungayino.cl\/noticias\/?p=18058","title":{"rendered":"Biblioteca P\u00fablica de Yungay Celebr\u00f3 Tradicional \u201cNoche de San Juan\u201d"},"content":{"rendered":"<p><img loading=\"lazy\" decoding=\"async\" class=\"alignnone size-full wp-image-18059\" src=\"http:\/\/www.yungayino.cl\/noticias\/wp-content\/uploads\/2017\/06\/noche_san_juan_2017.jpg\" alt=\"\" width=\"700\" height=\"350\" srcset=\"https:\/\/www.yungayino.cl\/noticias\/wp-content\/uploads\/2017\/06\/noche_san_juan_2017.jpg 700w, https:\/\/www.yungayino.cl\/noticias\/wp-content\/uploads\/2017\/06\/noche_san_juan_2017-300x150.jpg 300w\" sizes=\"auto, (max-width: 700px) 100vw, 700px\" \/><\/p>\n<p style=\"text-align: justify;\">Yungay, martes 27 de junio 2017: Como ya es tradicional la Biblioteca P\u00fablica de Yungay celebr\u00f3 el pasado viernes 23 de junio la \u201cNoche de San Juan\u201d, con una muy buena asistencia de p\u00fablico que disfrut\u00f3 de Bailes, Folclore, Rancheras, Payadores, Cuenta Cuentos y Mateada, adem\u00e1s de conocer y aprender de las tradicionales pruebas.<\/p>\n<p style=\"text-align: justify;\"><iframe loading=\"lazy\" src=\"https:\/\/www.facebook.com\/plugins\/post.php?href=https:\/\/www.facebook.com\/media\/set\/?set=a.1728453703836328.1073743090.159561284058919&#038;type=1&#038;l=c14527eb80&#038;l=a77e327dc6&#038;l=f5951f1994&#038;l=bfecbb8adf&#038;l=687b6bf5da&#038;width=500&#038;show_text=true&#038;height=691&#038;appId\" width=\"500\" height=\"691\" style=\"border:none;overflow:hidden\" scrolling=\"no\" frameborder=\"0\" allowTransparency=\"true\"><\/iframe>\n<\/p>\n<p style=\"text-align: justify;\">Se\u00f1alar que \u201cLa Noche de San Juan\u201d es una festividad de origen pagano asociada a la llegada del solsticio de invierno (o de verano, en el hemisferio norte) en la que se suelen encender hogueras con la simb\u00f3lica finalidad de ayudar al sol a no perder fuerzas. Se dec\u00eda que el sol estaba perdidamente enamorado de la Tierra y no se resist\u00eda a abandonarla, hasta el punto de seguirla incluso en la noche m\u00e1s larga del a\u00f1o. Otros sosten\u00edan que durante esta fecha el diablo andaba rondando el mundo y que por su intermediaci\u00f3n hab\u00eda que ubicarse bajo una higuera para m\u00e1gicamente aprender a tocar un instrumento musical o presenciar su supuesta floraci\u00f3n. Adem\u00e1s se pensaba que en esta noche las parejas y la tierra eran mucho m\u00e1s f\u00e9rtiles.<\/p>\n<p style=\"text-align: justify;\">Por este motivo y para no permitir que muera esta antigua tradici\u00f3n, es que la Biblioteca P\u00fablica de Yungay por quinto a\u00f1o consecutivo, celebr\u00f3 \u201cLa Noche de San Juan\u201d, donde se destac\u00f3 el compromiso del todo el Equipo que trabaja en la Biblioteca.<\/p>\n<p style=\"text-align: justify;\">[su_button url=\u00bbhttps:\/\/www.facebook.com\/media\/set\/?set=a.1728453703836328.1073743090.159561284058919&amp;type=1&amp;l=c14527eb80&#8243; target=\u00bbblank\u00bb size=\u00bb7&#8243; radius=\u00bbround\u00bb icon=\u00bbicon: facebook-square\u00bb]FOTOGRAF\u00cdAS &#8211; Biblioteca P\u00fablica de Yungay Celebr\u00f3 Tradicional \u201cNoche de San Juan\u201d[\/su_button]<\/p>\n","protected":false},"excerpt":{"rendered":"<p>Yungay, martes 27 de junio 2017: Como ya es tradicional la Biblioteca P\u00fablica de Yungay celebr\u00f3 el pasado viernes 23 de junio la \u201cNoche de San Juan\u201d, con una muy buena asistencia de p\u00fablico&#46;&#46;&#46;<\/p>\n","protected":false},"author":2,"featured_media":18059,"comment_status":"open","ping_status":"open","sticky":false,"template":"","format":"standard","meta":{"footnotes":""},"categories":[5,14],"tags":[453,699,1115,8,6,117],"class_list":["post-18058","post","type-post","status-publish","format-standard","has-post-thumbnail","hentry","category-eventos","category-historia","tag-biblioteca-yungay","tag-noche-de-san-juan","tag-noticias","tag-yungay","tag-yungayino","tag-yungayinocl"],"_links":{"self":[{"href":"https:\/\/www.yungayino.cl\/noticias\/index.php?rest_route=\/wp\/v2\/posts\/18058","targetHints":{"allow":["GET"]}}],"collection":[{"href":"https:\/\/www.yungayino.cl\/noticias\/index.php?rest_route=\/wp\/v2\/posts"}],"about":[{"href":"https:\/\/www.yungayino.cl\/noticias\/index.php?rest_route=\/wp\/v2\/types\/post"}],"author":[{"embeddable":true,"href":"https:\/\/www.yungayino.cl\/noticias\/index.php?rest_route=\/wp\/v2\/users\/2"}],"replies":[{"embeddable":true,"href":"https:\/\/www.yungayino.cl\/noticias\/index.php?rest_route=%2Fwp%2Fv2%2Fcomments&post=18058"}],"version-history":[{"count":2,"href":"https:\/\/www.yungayino.cl\/noticias\/index.php?rest_route=\/wp\/v2\/posts\/18058\/revisions"}],"predecessor-version":[{"id":18061,"href":"https:\/\/www.yungayino.cl\/noticias\/index.php?rest_route=\/wp\/v2\/posts\/18058\/revisions\/18061"}],"wp:featuredmedia":[{"embeddable":true,"href":"https:\/\/www.yungayino.cl\/noticias\/index.php?rest_route=\/wp\/v2\/media\/18059"}],"wp:attachment":[{"href":"https:\/\/www.yungayino.cl\/noticias\/index.php?rest_route=%2Fwp%2Fv2%2Fmedia&parent=18058"}],"wp:term":[{"taxonomy":"category","embeddable":true,"href":"https:\/\/www.yungayino.cl\/noticias\/index.php?rest_route=%2Fwp%2Fv2%2Fcategories&post=18058"},{"taxonomy":"post_tag","embeddable":true,"href":"https:\/\/www.yungayino.cl\/noticias\/index.php?rest_route=%2Fwp%2Fv2%2Ftags&post=18058"}],"curies":[{"name":"wp","href":"https:\/\/api.w.org\/{rel}","templated":true}]}}