{"id":18062,"date":"2017-06-27T20:00:11","date_gmt":"2017-06-27T23:00:11","guid":{"rendered":"http:\/\/www.yungayino.cl\/noticias\/?p=18062"},"modified":"2017-06-27T22:09:37","modified_gmt":"2017-06-28T01:09:37","slug":"nuevas-tarifas-y-horarios-de-invierno-aplica-conaf-para-parque-nacional-laguna-del-laja","status":"publish","type":"post","link":"https:\/\/www.yungayino.cl\/noticias\/?p=18062","title":{"rendered":"Nuevas Tarifas y Horarios de Invierno Aplica CONAF para Parque Nacional Laguna del Laja"},"content":{"rendered":"<p><img loading=\"lazy\" decoding=\"async\" class=\"alignnone size-full wp-image-18063\" src=\"http:\/\/www.yungayino.cl\/noticias\/wp-content\/uploads\/2017\/06\/parque-lagunalaja.jpg\" alt=\"\" width=\"700\" height=\"331\" srcset=\"https:\/\/www.yungayino.cl\/noticias\/wp-content\/uploads\/2017\/06\/parque-lagunalaja.jpg 700w, https:\/\/www.yungayino.cl\/noticias\/wp-content\/uploads\/2017\/06\/parque-lagunalaja-300x142.jpg 300w, https:\/\/www.yungayino.cl\/noticias\/wp-content\/uploads\/2017\/06\/parque-lagunalaja-317x150.jpg 317w, https:\/\/www.yungayino.cl\/noticias\/wp-content\/uploads\/2017\/06\/parque-lagunalaja-520x245.jpg 520w, https:\/\/www.yungayino.cl\/noticias\/wp-content\/uploads\/2017\/06\/parque-lagunalaja-720x340.jpg 720w\" sizes=\"auto, (max-width: 700px) 100vw, 700px\" \/><\/p>\n<p style=\"text-align: justify;\">Yungay, martes 27 de Junio de 2017: Con la llegada del invierno, la afluencia de p\u00fablico en el Parque Nacional Laguna del Laja aumenta considerablemente. Es por ello que, la Corporaci\u00f3n Nacional Forestal, CONAF, administradora de esta \u00c1rea Silvestre Protegida del Estado, comenz\u00f3 la modalidad de cobro de ingreso a la unidad por veh\u00edculo, a fin de agilizar el flujo de visitantes. La medida pretende velar por la seguridad de las personas, dando as\u00ed \u00e9nfasis en la calidad de atenci\u00f3n al p\u00fablico.<\/p>\n<p style=\"text-align: justify;\">Es as\u00ed como las tarifas ser\u00e1n $4.000 para veh\u00edculos particulares, $25.000 para taxi buses y $40.000 para buses, medida se aplicar\u00e1 hasta el 24 de septiembre del 2017 con el inicio de la primavera. En cuanto a los horarios, CONAF ha establecido lo siguiente: subida hacia las canchas de esqu\u00ed entre las 8:30 y 12:00 horas, y la bajada hacia caseta control entre las 13:00 hasta las 18:00 horas.<\/p>\n<p style=\"text-align: justify;\">\u201cEl Parque Nacional Laguna del Laja recibe anualmente un alto n\u00famero de visitantes; el a\u00f1o pasado superamos las 76 mil personas. Y contrariamente a otras \u00e1reas silvestres, este parque concentra sus visitas durante los meses de invierno, dado que para el p\u00fablico de la Regi\u00f3n del Biob\u00edo, esta unidad constituye el lugar m\u00e1s accesible para disfrutar de la nieve. Ello se refleja en que solo entre los meses de julio y septiembre del 2016 recibimos 43.642 visitantes, que representan casi el 60% de los visitantes anuales\u201d, inform\u00f3 el Jefe del Departamento de \u00c1reas Protegidas de CONAF, Alberto Bordeu.<\/p>\n<p style=\"text-align: justify;\">Y precisamente, para evitar que en este per\u00edodo invernal se produzcan colapsos o accidentes en el flujo de veh\u00edculos que van subiendo o bajando desde el Parque Nacional, se hace necesario establecer horarios y tarifas especiales. Bordeu agreg\u00f3 que \u201cde igual forma, dentro de nuestro protocolo, tenemos la facultad de proceder al cierre temporal de acceso a la unidad, cada vez que se encuentre completa la capacidad instalada de los estacionamientos al interior del Parque. Esta medida ser\u00e1 supervisada por nuestros guardaparques con el apoyo de Carabineros y se podr\u00e1 aplicar hasta el domingo 24 de septiembre de este a\u00f1o\u201d.<\/p>\n<p style=\"text-align: justify;\">Finalmente, CONAF hace un llamado a los conductores para que sus veh\u00edculos cuenten con cadenas para nieve, a fin de evitar cualquier inconveniente o accidente. El Parque Nacional Laguna del Laja, ubicado en la comuna Antuco, posee una superficie de 11.889,5 hect\u00e1reas.<\/p>\n","protected":false},"excerpt":{"rendered":"<p>Yungay, martes 27 de Junio de 2017: Con la llegada del invierno, la afluencia de p\u00fablico en el Parque Nacional Laguna del Laja aumenta considerablemente. Es por ello que, la Corporaci\u00f3n Nacional Forestal, CONAF,&#46;&#46;&#46;<\/p>\n","protected":false},"author":2,"featured_media":18063,"comment_status":"open","ping_status":"open","sticky":false,"template":"","format":"standard","meta":{"footnotes":""},"categories":[3,1,32],"tags":[1109,1582,1115,8,6,117],"class_list":["post-18062","post","type-post","status-publish","format-standard","has-post-thumbnail","hentry","category-actualidad","category-noticias","category-servicios","tag-antuco","tag-laguna-laja","tag-noticias","tag-yungay","tag-yungayino","tag-yungayinocl"],"_links":{"self":[{"href":"https:\/\/www.yungayino.cl\/noticias\/index.php?rest_route=\/wp\/v2\/posts\/18062","targetHints":{"allow":["GET"]}}],"collection":[{"href":"https:\/\/www.yungayino.cl\/noticias\/index.php?rest_route=\/wp\/v2\/posts"}],"about":[{"href":"https:\/\/www.yungayino.cl\/noticias\/index.php?rest_route=\/wp\/v2\/types\/post"}],"author":[{"embeddable":true,"href":"https:\/\/www.yungayino.cl\/noticias\/index.php?rest_route=\/wp\/v2\/users\/2"}],"replies":[{"embeddable":true,"href":"https:\/\/www.yungayino.cl\/noticias\/index.php?rest_route=%2Fwp%2Fv2%2Fcomments&post=18062"}],"version-history":[{"count":1,"href":"https:\/\/www.yungayino.cl\/noticias\/index.php?rest_route=\/wp\/v2\/posts\/18062\/revisions"}],"predecessor-version":[{"id":18064,"href":"https:\/\/www.yungayino.cl\/noticias\/index.php?rest_route=\/wp\/v2\/posts\/18062\/revisions\/18064"}],"wp:featuredmedia":[{"embeddable":true,"href":"https:\/\/www.yungayino.cl\/noticias\/index.php?rest_route=\/wp\/v2\/media\/18063"}],"wp:attachment":[{"href":"https:\/\/www.yungayino.cl\/noticias\/index.php?rest_route=%2Fwp%2Fv2%2Fmedia&parent=18062"}],"wp:term":[{"taxonomy":"category","embeddable":true,"href":"https:\/\/www.yungayino.cl\/noticias\/index.php?rest_route=%2Fwp%2Fv2%2Fcategories&post=18062"},{"taxonomy":"post_tag","embeddable":true,"href":"https:\/\/www.yungayino.cl\/noticias\/index.php?rest_route=%2Fwp%2Fv2%2Ftags&post=18062"}],"curies":[{"name":"wp","href":"https:\/\/api.w.org\/{rel}","templated":true}]}}