{"id":18083,"date":"2017-07-09T20:00:04","date_gmt":"2017-07-09T23:00:04","guid":{"rendered":"http:\/\/www.yungayino.cl\/noticias\/?p=18083"},"modified":"2017-07-09T22:40:46","modified_gmt":"2017-07-10T01:40:46","slug":"emotiva-ceremonia-de-despedida-se-realizo-a-dos-profesoras-de-la-escuela-fernando-baquedano","status":"publish","type":"post","link":"https:\/\/www.yungayino.cl\/noticias\/?p=18083","title":{"rendered":"Emotiva Ceremonia de Despedida se Realiz\u00f3 a Dos Profesoras de la Escuela Fernando Baquedano"},"content":{"rendered":"<p><img loading=\"lazy\" decoding=\"async\" class=\"alignnone size-full wp-image-18084\" src=\"http:\/\/www.yungayino.cl\/noticias\/wp-content\/uploads\/2017\/07\/profesoras_fernando_baquedano_201707.jpg\" alt=\"\" width=\"700\" height=\"350\" srcset=\"https:\/\/www.yungayino.cl\/noticias\/wp-content\/uploads\/2017\/07\/profesoras_fernando_baquedano_201707.jpg 700w, https:\/\/www.yungayino.cl\/noticias\/wp-content\/uploads\/2017\/07\/profesoras_fernando_baquedano_201707-300x150.jpg 300w\" sizes=\"auto, (max-width: 700px) 100vw, 700px\" \/><\/p>\n<p style=\"text-align: justify;\">Yungay, domingo 9 de julio 2017: Con un emotivo acto realizado el pasado jueves 06, en las dependencias de la Biblioteca P\u00fablica Oreste Montero, la Escuela Fernando Baquedano despidi\u00f3 oficialmente a las profesoras, <strong>Sonia Campos <\/strong>y<strong> Eliana<\/strong> <strong>Herrera, <\/strong>que se acogieron a jubilaci\u00f3n luego de ejercer su labor docente por varias d\u00e9cadas en la comuna, recibiendo un merecido homenaje de parte de funcionarios, estudiantes y apoderados de dicha unidad educativa.<\/p>\n<p style=\"text-align: justify;\"><iframe loading=\"lazy\" style=\"border: none; overflow: hidden;\" src=\"https:\/\/www.facebook.com\/plugins\/post.php?href=https:\/\/www.facebook.com\/media\/set\/?set=a.1743360585678973.1073743092.159561284058919&amp;type=1&amp;l=340895eee7&amp;l=a77e327dc6&amp;l=f5951f1994&amp;l=bfecbb8adf&amp;l=687b6bf5da&amp;width=500&amp;show_text=true&amp;height=691&amp;appId\" width=\"500\" height=\"691\" frameborder=\"0\" scrolling=\"no\"><\/iframe><\/p>\n<p style=\"text-align: justify;\">Emotivos discursos, n\u00fameros art\u00edsticos y entrega de reconocimientos marcaron la jornada en que la Escuela Fernando Baquedano despidi\u00f3 a sus dos docentes, que luego de cumplir una dilatada y fruct\u00edfera labor formativa se acogieron a retiro.<\/p>\n<p style=\"text-align: justify;\">Finalmente se\u00f1alar que la ceremonia cont\u00f3 con la presencia del Sr. Felipe Lagos en representaci\u00f3n del Municipio, concejales, el cuerpo de profesores del establecimiento, encabezados por el Director Juan Francisco Troncoso y representantes del centro de padres, apoderados, familiares y el Departamento DAEM.<\/p>\n<p style=\"text-align: justify;\">[su_button url=\u00bbhttps:\/\/www.facebook.com\/media\/set\/?set=a.1743360585678973.1073743092.159561284058919&amp;type=1&amp;l=340895eee7&#8243; target=\u00bbblank\u00bb size=\u00bb7&#8243; radius=\u00bbround\u00bb icon=\u00bbicon: facebook-square\u00bb]FOTOGRAF\u00cdAS &#8211; Emotiva Ceremonia de Despedida se Realiz\u00f3 a Dos Profesoras de la Escuela Fernando Baquedano[\/su_button]<\/p>\n","protected":false},"excerpt":{"rendered":"<p>Yungay, domingo 9 de julio 2017: Con un emotivo acto realizado el pasado jueves 06, en las dependencias de la Biblioteca P\u00fablica Oreste Montero, la Escuela Fernando Baquedano despidi\u00f3 oficialmente a las profesoras, Sonia&#46;&#46;&#46;<\/p>\n","protected":false},"author":2,"featured_media":18084,"comment_status":"open","ping_status":"open","sticky":false,"template":"","format":"standard","meta":{"footnotes":""},"categories":[1],"tags":[1585,190,1115,1584,8,6,117],"class_list":["post-18083","post","type-post","status-publish","format-standard","has-post-thumbnail","hentry","category-noticias","tag-eliana-herrera","tag-escuela-fernando-baquedano","tag-noticias","tag-sonia-campos","tag-yungay","tag-yungayino","tag-yungayinocl"],"_links":{"self":[{"href":"https:\/\/www.yungayino.cl\/noticias\/index.php?rest_route=\/wp\/v2\/posts\/18083","targetHints":{"allow":["GET"]}}],"collection":[{"href":"https:\/\/www.yungayino.cl\/noticias\/index.php?rest_route=\/wp\/v2\/posts"}],"about":[{"href":"https:\/\/www.yungayino.cl\/noticias\/index.php?rest_route=\/wp\/v2\/types\/post"}],"author":[{"embeddable":true,"href":"https:\/\/www.yungayino.cl\/noticias\/index.php?rest_route=\/wp\/v2\/users\/2"}],"replies":[{"embeddable":true,"href":"https:\/\/www.yungayino.cl\/noticias\/index.php?rest_route=%2Fwp%2Fv2%2Fcomments&post=18083"}],"version-history":[{"count":2,"href":"https:\/\/www.yungayino.cl\/noticias\/index.php?rest_route=\/wp\/v2\/posts\/18083\/revisions"}],"predecessor-version":[{"id":18086,"href":"https:\/\/www.yungayino.cl\/noticias\/index.php?rest_route=\/wp\/v2\/posts\/18083\/revisions\/18086"}],"wp:featuredmedia":[{"embeddable":true,"href":"https:\/\/www.yungayino.cl\/noticias\/index.php?rest_route=\/wp\/v2\/media\/18084"}],"wp:attachment":[{"href":"https:\/\/www.yungayino.cl\/noticias\/index.php?rest_route=%2Fwp%2Fv2%2Fmedia&parent=18083"}],"wp:term":[{"taxonomy":"category","embeddable":true,"href":"https:\/\/www.yungayino.cl\/noticias\/index.php?rest_route=%2Fwp%2Fv2%2Fcategories&post=18083"},{"taxonomy":"post_tag","embeddable":true,"href":"https:\/\/www.yungayino.cl\/noticias\/index.php?rest_route=%2Fwp%2Fv2%2Ftags&post=18083"}],"curies":[{"name":"wp","href":"https:\/\/api.w.org\/{rel}","templated":true}]}}