{"id":18114,"date":"2017-07-18T23:00:18","date_gmt":"2017-07-19T02:00:18","guid":{"rendered":"http:\/\/www.yungayino.cl\/noticias\/?p=18114"},"modified":"2017-07-19T13:48:09","modified_gmt":"2017-07-19T16:48:09","slug":"con-nuevas-tecnologias-y-fuerte-inversion-frontel-se-prepara-para-continuar-seguros-este-invierno","status":"publish","type":"post","link":"https:\/\/www.yungayino.cl\/noticias\/?p=18114","title":{"rendered":"Con Nuevas Tecnolog\u00edas y Fuerte Inversi\u00f3n Frontel se Prepara para Continuar Seguros este Invierno"},"content":{"rendered":"<p><img loading=\"lazy\" decoding=\"async\" class=\"alignnone size-full wp-image-18115\" src=\"http:\/\/www.yungayino.cl\/noticias\/wp-content\/uploads\/2017\/07\/frontel_201707.jpg\" alt=\"\" width=\"700\" height=\"469\" srcset=\"https:\/\/www.yungayino.cl\/noticias\/wp-content\/uploads\/2017\/07\/frontel_201707.jpg 700w, https:\/\/www.yungayino.cl\/noticias\/wp-content\/uploads\/2017\/07\/frontel_201707-300x201.jpg 300w, https:\/\/www.yungayino.cl\/noticias\/wp-content\/uploads\/2017\/07\/frontel_201707-224x150.jpg 224w\" sizes=\"auto, (max-width: 700px) 100vw, 700px\" \/><\/p>\n<p style=\"text-align: justify;\">Martes 18 de julio 2017: M\u00e1s de $2 mil 400 millones en mantenimiento y nuevas obras, que incluir\u00e1n aumento de potencia, cable protegido y mensaje de texto gratuito para agilizar la atenci\u00f3n, son algunas de las acciones que la empresa el\u00e9ctrica ha venido trabajando y que permitir\u00e1 enfrentar de mejor manera este invierno. A trav\u00e9s de su Plan de Emergencia Clim\u00e1tico, la compa\u00f1\u00eda triplica el personal de terreno, contact center y log\u00edstica.<\/p>\n<p style=\"text-align: justify;\">A pesar de que el 21 de junio se inici\u00f3 oficialmente en Chile la temporada de invierno, un inusual y especialmente duro sistema frontal, puso en alerta a gran parte del pa\u00eds, con fuertes r\u00e1fagas de viento, exceso de agua ca\u00edda y nevazones en zonas donde normalmente no nieva. Esta alerta tambi\u00e9n se hizo presente en nuestra empresa, adelantando la puesta en marcha del plan\u00a0 \u201cInvierno Seguro junto a Frontel\u201d que permite planificar y controlar las emergencias operacionales que puedan darse por las condiciones clim\u00e1ticas que se esperan para este a\u00f1o.<\/p>\n<p style=\"text-align: justify;\">Fernando Caire, Gerente Zonal de Frontel Biob\u00edo, destac\u00f3 que junto al trabajo realizado en las instalaciones para enfrentar de manera segura la \u00e9poca de temporales, la compa\u00f1\u00eda cuenta con un plan de emergencia clim\u00e1tica que contempla el refuerzo del personal t\u00e9cnico de terreno, as\u00ed como tambi\u00e9n de una mayor dotaci\u00f3n de ejecutivos para la atenci\u00f3n telef\u00f3nica, donde se incorpor\u00f3 nueva tecnolog\u00eda para la contactibilidad, con aplicaci\u00f3n para celulares.<\/p>\n<p style=\"text-align: justify;\">En este sentido el ejecutivo hizo un llamado a los vecinos a que frente a la falta de suministro avisen inmediatamente a los canales de contacto, entre ellos est\u00e1 el call center 600 4012021;\u00a0 la opci\u00f3n mensaje de texto gratuito al 4021 enviando la palabra LUZ y n\u00famero de cliente y su cuenta de twitter @frontel_ .Adem\u00e1s precis\u00f3 que \u201clas brigadas que llegan al lugar deben evaluar las condiciones de seguridad antes de ejecutar las faenas, ya que hay situaciones donde se requiere una brigada pesada o de roce para comenzar con la reparaci\u00f3n de las instalaciones, lo que puede demorar su reposici\u00f3n, ya que todas nuestras operaciones se realizan bajo estrictas medidas de seguridad para nuestro personal que trabaja con energ\u00eda el\u00e9ctrica\u201d.<\/p>\n<p style=\"text-align: justify;\"><strong>FUERTE INVERSI\u00d3N EN LA REGI\u00d3N<\/strong><\/p>\n<p style=\"text-align: justify;\">El intenso Plan de Invierno que realiza todos los a\u00f1os Frontel, es parte del compromiso que tiene la compa\u00f1\u00eda con la regi\u00f3n, como es continuar entregando energ\u00eda confiable para los m\u00e1s de 174.000 usuarios de la Regi\u00f3n del Biob\u00edo.\u00a0 Durante lo que va corrido del a\u00f1o Frontel ha desarrollado un importante plan de inversiones; entre sus principales obras destacan\u00a0 nuevo alimentador hacia Santa Juana y refuerzo de l\u00ednea de <strong>Yungay<\/strong> a <strong>Pemuco.<\/strong><\/p>\n<p style=\"text-align: justify;\">\u201cEl refuerzo de estas redes surge con la finalidad de disminuir los cortes de energ\u00eda en estas zonas y sectores rurales cercanos, los que muchas veces se ven afectados por choques a postes y ca\u00edda de ramas durante temporales\u201d, se\u00f1al\u00f3 Caire.<\/p>\n<p style=\"text-align: justify;\">Adem\u00e1s, como parte del compromiso que tiene Frontel con el desarrollo inmobiliario e industrial de la regi\u00f3n, para que los futuros usuarios cuenten con calidad y continuidad de nuestro suministro, la compa\u00f1\u00eda tambi\u00e9n realiz\u00f3 inversiones en mejoras que beneficiar\u00e1n directamente a los vecinos de El Carmen, <strong>Yungay<\/strong>, Laja, <strong>Pemuco<\/strong>, Santa Juana, entre otras comunas.<\/p>\n<p style=\"text-align: justify;\">Finalmente Fernando Caire, destac\u00f3 el compromiso de la compa\u00f1\u00eda con las comunas que atiende en la regi\u00f3n, ejecutando planes de inversi\u00f3n y de contingencias que permitan continuar disminuyendo los cortes de energ\u00eda que se dan principalmente por choques, robo de cables o temas clim\u00e1ticos. \u201cTenemos un gran desaf\u00edo por delante, pero sabemos que trabajando en conjunto con los vecinos y sus representantes, escuchando sus inquietudes, invirtiendo en mantenimiento y mejoramiento preventivo, es posible disminuir los tiempos de espera\u201d.<\/p>\n","protected":false},"excerpt":{"rendered":"<p>Martes 18 de julio 2017: M\u00e1s de $2 mil 400 millones en mantenimiento y nuevas obras, que incluir\u00e1n aumento de potencia, cable protegido y mensaje de texto gratuito para agilizar la atenci\u00f3n, son algunas&#46;&#46;&#46;<\/p>\n","protected":false},"author":2,"featured_media":18115,"comment_status":"open","ping_status":"open","sticky":false,"template":"","format":"standard","meta":{"footnotes":""},"categories":[1],"tags":[1094,1115,8,6,117],"class_list":["post-18114","post","type-post","status-publish","format-standard","has-post-thumbnail","hentry","category-noticias","tag-frontel","tag-noticias","tag-yungay","tag-yungayino","tag-yungayinocl"],"_links":{"self":[{"href":"https:\/\/www.yungayino.cl\/noticias\/index.php?rest_route=\/wp\/v2\/posts\/18114","targetHints":{"allow":["GET"]}}],"collection":[{"href":"https:\/\/www.yungayino.cl\/noticias\/index.php?rest_route=\/wp\/v2\/posts"}],"about":[{"href":"https:\/\/www.yungayino.cl\/noticias\/index.php?rest_route=\/wp\/v2\/types\/post"}],"author":[{"embeddable":true,"href":"https:\/\/www.yungayino.cl\/noticias\/index.php?rest_route=\/wp\/v2\/users\/2"}],"replies":[{"embeddable":true,"href":"https:\/\/www.yungayino.cl\/noticias\/index.php?rest_route=%2Fwp%2Fv2%2Fcomments&post=18114"}],"version-history":[{"count":1,"href":"https:\/\/www.yungayino.cl\/noticias\/index.php?rest_route=\/wp\/v2\/posts\/18114\/revisions"}],"predecessor-version":[{"id":18116,"href":"https:\/\/www.yungayino.cl\/noticias\/index.php?rest_route=\/wp\/v2\/posts\/18114\/revisions\/18116"}],"wp:featuredmedia":[{"embeddable":true,"href":"https:\/\/www.yungayino.cl\/noticias\/index.php?rest_route=\/wp\/v2\/media\/18115"}],"wp:attachment":[{"href":"https:\/\/www.yungayino.cl\/noticias\/index.php?rest_route=%2Fwp%2Fv2%2Fmedia&parent=18114"}],"wp:term":[{"taxonomy":"category","embeddable":true,"href":"https:\/\/www.yungayino.cl\/noticias\/index.php?rest_route=%2Fwp%2Fv2%2Fcategories&post=18114"},{"taxonomy":"post_tag","embeddable":true,"href":"https:\/\/www.yungayino.cl\/noticias\/index.php?rest_route=%2Fwp%2Fv2%2Ftags&post=18114"}],"curies":[{"name":"wp","href":"https:\/\/api.w.org\/{rel}","templated":true}]}}