{"id":18117,"date":"2017-07-19T19:00:39","date_gmt":"2017-07-19T22:00:39","guid":{"rendered":"http:\/\/www.yungayino.cl\/noticias\/?p=18117"},"modified":"2017-07-19T21:38:02","modified_gmt":"2017-07-20T00:38:02","slug":"en-yungay-se-inicia-entrega-de-6-mil-arboles-nativos-del-programa-de-arborizacion-iniciativa-de-conaf","status":"publish","type":"post","link":"https:\/\/www.yungayino.cl\/noticias\/?p=18117","title":{"rendered":"En Yungay se Inicia Entrega de 6 Mil \u00c1rboles Nativos del \u201cPrograma de Arborizaci\u00f3n\u201d, Iniciativa de CONAF"},"content":{"rendered":"<p><img loading=\"lazy\" decoding=\"async\" class=\"alignnone size-full wp-image-18118\" src=\"http:\/\/www.yungayino.cl\/noticias\/wp-content\/uploads\/2017\/07\/entrega_Arboles_201707.jpg\" alt=\"\" width=\"700\" height=\"350\" srcset=\"https:\/\/www.yungayino.cl\/noticias\/wp-content\/uploads\/2017\/07\/entrega_Arboles_201707.jpg 700w, https:\/\/www.yungayino.cl\/noticias\/wp-content\/uploads\/2017\/07\/entrega_Arboles_201707-300x150.jpg 300w\" sizes=\"auto, (max-width: 700px) 100vw, 700px\" \/><\/p>\n<p style=\"text-align: justify;\">Yungay, jueves 20 de julio 2017: En el Auditorio de la Biblioteca P\u00fablica de Yungay se llev\u00f3 a cabo hoy la ceremonia simb\u00f3lica de entrega de \u00e1rboles nativos y ornamentales del \u201cPrograma de Arborizaci\u00f3n\u201d, Iniciativa de CONAF en Conjunto con la Municipalidad de Yungay.<\/p>\n<p style=\"text-align: justify;\"><iframe loading=\"lazy\" style=\"border: none; overflow: hidden;\" src=\"https:\/\/www.facebook.com\/plugins\/post.php?href=https:\/\/www.facebook.com\/media\/set\/?set=a.1754929911188707.1073743093.159561284058919&amp;type=1&amp;l=22145e4e19&amp;l=a77e327dc6&amp;l=f5951f1994&amp;l=bfecbb8adf&amp;l=687b6bf5da&amp;width=500&amp;show_text=true&amp;height=691&amp;appId\" width=\"500\" height=\"691\" frameborder=\"0\" scrolling=\"no\"><\/iframe><\/p>\n<p style=\"text-align: justify;\">La ceremonia estuvo liderada por el alcalde Rafael Cifuentes, el Jefe Provincial de CONAF, Francisco Castillo, los concejales, Juan Quezada, Ricardo Ramos, Patricia Moncada y Ang\u00e9lica Cabezas, Nelson Burgos, Director de SECPLAN, el Ingeniero y extensionista forestal de Yungay Jos\u00e9 Morales, adem\u00e1s de dirigentes de las diferentes organizaciones sociales y\u00a0 juntas de vecinos de la comuna con el fin de mejorar la calidad de vida de las personas y su entorno a trav\u00e9s del aumento de la cobertura arb\u00f3rea en nuestra comuna.<\/p>\n<p style=\"text-align: justify;\">El Jefe Provincial de CONAF \u00d1uble, Francisco Castillo, se\u00f1al\u00f3 que durante la ceremonia se realiz\u00f3 una charla informativa a las organizaciones sociales e instituciones presentes sobre la le\u00f1a y la calefacci\u00f3n domiciliaria, ense\u00f1\u00e1ndoles la manera correcta de utilizarla y explicando los beneficios del uso eficiente de los calefactores.<\/p>\n<p style=\"text-align: justify;\">Tambi\u00e9n indic\u00f3 que esta actividad se inici\u00f3 hace una semana y a\u00fan falta entregar \u00e1rboles seg\u00fan el calendario organizado, hoy en la actividad se le hizo entrega de un \u00e1rbol a cada dirigente o representante todo con el objetivo de hermosear la zona de \u00e1reas verdes, plazoletas y distinto puntos rurales de nuestra comuna.<\/p>\n<p style=\"text-align: justify;\">Destacar que en esta ocasi\u00f3n se entregaran 6825 \u00e1rboles en nuestra comuna, los cuales se distribuir\u00e1n de acuerdo a un calendario a partir de la pr\u00f3xima semana en los distintos puntos de la comuna<\/p>\n<p style=\"text-align: justify;\">Finalmente las autoridades y vecinos se trasladaron a la Plaza de Yungay donde plantaron 2 \u00e1rboles y as\u00ed dar inicio tambi\u00e9n a la renovaci\u00f3n de \u00e1rboles nativos de nuestra hermosa plaza.<\/p>\n<p style=\"text-align: justify;\">[su_button url=\u00bbhttps:\/\/www.facebook.com\/media\/set\/?set=a.1754929911188707.1073743093.159561284058919&amp;type=1&amp;l=22145e4e19&#8243; target=\u00bbblank\u00bb size=\u00bb7&#8243; radius=\u00bbround\u00bb icon=\u00bbicon: facebook-square\u00bb]FOTOGRAF\u00cdAS &#8211; En Yungay se Inicia Entrega de 6 Mil \u00c1rboles Nativos del \u201cPrograma de Arborizaci\u00f3n\u201d, Iniciativa de CONAF[\/su_button]<\/p>\n","protected":false},"excerpt":{"rendered":"<p>Yungay, jueves 20 de julio 2017: En el Auditorio de la Biblioteca P\u00fablica de Yungay se llev\u00f3 a cabo hoy la ceremonia simb\u00f3lica de entrega de \u00e1rboles nativos y ornamentales del \u201cPrograma de Arborizaci\u00f3n\u201d,&#46;&#46;&#46;<\/p>\n","protected":false},"author":2,"featured_media":18118,"comment_status":"open","ping_status":"open","sticky":false,"template":"","format":"standard","meta":{"footnotes":""},"categories":[1],"tags":[192,1594,1115,8,6,117],"class_list":["post-18117","post","type-post","status-publish","format-standard","has-post-thumbnail","hentry","category-noticias","tag-conaf","tag-entrega-arboles","tag-noticias","tag-yungay","tag-yungayino","tag-yungayinocl"],"_links":{"self":[{"href":"https:\/\/www.yungayino.cl\/noticias\/index.php?rest_route=\/wp\/v2\/posts\/18117","targetHints":{"allow":["GET"]}}],"collection":[{"href":"https:\/\/www.yungayino.cl\/noticias\/index.php?rest_route=\/wp\/v2\/posts"}],"about":[{"href":"https:\/\/www.yungayino.cl\/noticias\/index.php?rest_route=\/wp\/v2\/types\/post"}],"author":[{"embeddable":true,"href":"https:\/\/www.yungayino.cl\/noticias\/index.php?rest_route=\/wp\/v2\/users\/2"}],"replies":[{"embeddable":true,"href":"https:\/\/www.yungayino.cl\/noticias\/index.php?rest_route=%2Fwp%2Fv2%2Fcomments&post=18117"}],"version-history":[{"count":2,"href":"https:\/\/www.yungayino.cl\/noticias\/index.php?rest_route=\/wp\/v2\/posts\/18117\/revisions"}],"predecessor-version":[{"id":18120,"href":"https:\/\/www.yungayino.cl\/noticias\/index.php?rest_route=\/wp\/v2\/posts\/18117\/revisions\/18120"}],"wp:featuredmedia":[{"embeddable":true,"href":"https:\/\/www.yungayino.cl\/noticias\/index.php?rest_route=\/wp\/v2\/media\/18118"}],"wp:attachment":[{"href":"https:\/\/www.yungayino.cl\/noticias\/index.php?rest_route=%2Fwp%2Fv2%2Fmedia&parent=18117"}],"wp:term":[{"taxonomy":"category","embeddable":true,"href":"https:\/\/www.yungayino.cl\/noticias\/index.php?rest_route=%2Fwp%2Fv2%2Fcategories&post=18117"},{"taxonomy":"post_tag","embeddable":true,"href":"https:\/\/www.yungayino.cl\/noticias\/index.php?rest_route=%2Fwp%2Fv2%2Ftags&post=18117"}],"curies":[{"name":"wp","href":"https:\/\/api.w.org\/{rel}","templated":true}]}}