{"id":18168,"date":"2017-08-06T20:00:25","date_gmt":"2017-08-06T23:00:25","guid":{"rendered":"http:\/\/www.yungayino.cl\/noticias\/?p=18168"},"modified":"2017-08-06T22:51:02","modified_gmt":"2017-08-07T01:51:02","slug":"director-del-hospital-de-yungay-da-a-conocer-proyectos-actuales-y-nuevos-desafios","status":"publish","type":"post","link":"https:\/\/www.yungayino.cl\/noticias\/?p=18168","title":{"rendered":"Director del Hospital de Yungay da a Conocer Proyectos Actuales y Nuevos Desaf\u00edos"},"content":{"rendered":"<p><img loading=\"lazy\" decoding=\"async\" class=\"alignnone size-full wp-image-18169\" src=\"http:\/\/www.yungayino.cl\/noticias\/wp-content\/uploads\/2017\/08\/director_hospital_yungay_201708.jpg\" alt=\"\" width=\"700\" height=\"350\" srcset=\"https:\/\/www.yungayino.cl\/noticias\/wp-content\/uploads\/2017\/08\/director_hospital_yungay_201708.jpg 700w, https:\/\/www.yungayino.cl\/noticias\/wp-content\/uploads\/2017\/08\/director_hospital_yungay_201708-300x150.jpg 300w\" sizes=\"auto, (max-width: 700px) 100vw, 700px\" \/><\/p>\n<p style=\"text-align: justify;\">Yungay, domingo 07 de agosto 2017: En una conferencia de prensa a medios locales con el objetivo de informar a toda la comunidad de Yungay el Director del Hospital Comunitario de Salud Familiar Pedro Morales Campos de Yungay, Sr.\u00a0<strong>Jos\u00e9 Jara Pardo<\/strong>, dio\u00a0 a conocer la situaci\u00f3n de proyectos actuales y los nuevos desaf\u00edos que se vienen para el Hospital de Yungay y la nueva Regi\u00f3n de \u00d1uble.<\/p>\n<p style=\"text-align: justify;\"><iframe loading=\"lazy\" style=\"border: none; overflow: hidden;\" src=\"https:\/\/www.facebook.com\/plugins\/post.php?href=https:\/\/www.facebook.com\/media\/set\/?set=a.1776038395744525.1073743099.159561284058919&amp;type=1&amp;l=337bb2e532&amp;l=a77e327dc6&amp;l=f5951f1994&amp;l=bfecbb8adf&amp;l=687b6bf5da&amp;width=500&amp;show_text=true&amp;height=691&amp;appId\" width=\"500\" height=\"691\" frameborder=\"0\" scrolling=\"no\"><\/iframe><\/p>\n<p style=\"text-align: justify;\"><strong>Jos\u00e9 Jara Pardo, <\/strong>inici\u00f3 la conferencia comunicando que ya se encuentran pronto a iniciar las actividades de los tres Box Dentales que se han construido, destacando que dos de ellos son para especialistas y uno para todo lo que es \u201cRadiolog\u00eda Dental\u201d, donde hoy ya se est\u00e1 instalando el equipamiento y ya est\u00e1 tambi\u00e9n el M\u00e9dico Odont\u00f3logo. Tambi\u00e9n se\u00f1al\u00f3 que durante la pr\u00f3xima semana se realizar\u00e1 el traslado a la nueva \u201cFarmacia\u201c, lo que permitir\u00e1 liberar algunos espacios, los cuales ser\u00e1n parte de nuevas remodelaciones que se ejecutar\u00e1n en los pr\u00f3ximos meses en el hospital, por lo tanto el Director hace un llamado y apela a la comprensi\u00f3n de los usuarios, ya que lo que resta del a\u00f1o se estar\u00e1n haciendo intervenciones en aproximadamente cinco puntos internos del hospital para realizar mejoras sustantivas, como trabajo m\u00e1s importante de inversi\u00f3n para el pr\u00f3ximo a\u00f1o es la construcci\u00f3n de \u201cAmpliaci\u00f3n de la Urgencia\u201d, una \u201cSala de Reanimaci\u00f3n\u201d, \u201cSala de Fr\u00edo y Oficina de Jefe de Alimentaci\u00f3n\u201d, adem\u00e1s de \u201cEspacios de Promoci\u00f3n y Actividades\u201d, para los grupos organizados de los usuarios como Hipertensos, Discapacitados, Diab\u00e9ticos etc., todo esto con lo que concierne a proyectos que se est\u00e1n ejecutando. Con respecto al plano de mayor plazo se\u00f1al\u00f3 tener grandes desaf\u00edos con todo lo que es la implementaci\u00f3n de \u00d1uble Regi\u00f3n, la Red Asistencial \u00d1uble va a ser sometida a todo un proceso de redise\u00f1o para hacerla m\u00e1s efectiva, lo que conlleva a una intervenci\u00f3n mayor en cuatro hospitales como Yungay, Coelemu, Quirihue y Bulnes. El Director tambi\u00e9n sum\u00f3 la buena noticia de la aprobaci\u00f3n de Contralor\u00eda de la adjudicaci\u00f3n del dise\u00f1o y construcci\u00f3n del nuevo hospital para la Regi\u00f3n de \u00d1uble en Chill\u00e1n, que contempla una inversi\u00f3n superior a los $182 mil millones.<\/p>\n<p style=\"text-align: justify;\">Finalmente el Director, Jos\u00e9 Jara Pardo se\u00f1al\u00f3 que como el Hospital de Yungay va a ser unos de los establecimientos intervenidos, tiene de aqu\u00ed a Diciembre para presentar todo el proyecto de pre inversi\u00f3n, lo que significar\u00e1 constituir un equipo de trabajo, el cual estar\u00e1 encabezado por el Ingeniero de Proyecto Sr. Rodolfo San Mart\u00edn, qui\u00e9n se dedicar\u00e1 el 100 % a esto, apoyado tambi\u00e9n por un grupo de seis personas asignadas por el servicio de salud para apoyar en este gran desaf\u00edo para el Hospital de Yungay.<\/p>\n<p style=\"text-align: justify;\">[su_button url=\u00bbhttps:\/\/www.facebook.com\/media\/set\/?set=a.1776038395744525.1073743099.159561284058919&amp;type=1&amp;l=337bb2e532&#8243; target=\u00bbblank\u00bb size=\u00bb7&#8243; radius=\u00bbround\u00bb icon=\u00bbicon: facebook-square\u00bb]FOTOGRAF\u00cdAS &#8211; Director del Hospital de Yungay da a Conocer Proyectos Actuales y Nuevos Desaf\u00edos[\/su_button]<\/p>\n","protected":false},"excerpt":{"rendered":"<p>Yungay, domingo 07 de agosto 2017: En una conferencia de prensa a medios locales con el objetivo de informar a toda la comunidad de Yungay el Director del Hospital Comunitario de Salud Familiar Pedro&#46;&#46;&#46;<\/p>\n","protected":false},"author":2,"featured_media":18169,"comment_status":"open","ping_status":"open","sticky":false,"template":"","format":"standard","meta":{"footnotes":""},"categories":[3,1,32],"tags":[340,1115,8,6,117],"class_list":["post-18168","post","type-post","status-publish","format-standard","has-post-thumbnail","hentry","category-actualidad","category-noticias","category-servicios","tag-hospital-yungay","tag-noticias","tag-yungay","tag-yungayino","tag-yungayinocl"],"_links":{"self":[{"href":"https:\/\/www.yungayino.cl\/noticias\/index.php?rest_route=\/wp\/v2\/posts\/18168","targetHints":{"allow":["GET"]}}],"collection":[{"href":"https:\/\/www.yungayino.cl\/noticias\/index.php?rest_route=\/wp\/v2\/posts"}],"about":[{"href":"https:\/\/www.yungayino.cl\/noticias\/index.php?rest_route=\/wp\/v2\/types\/post"}],"author":[{"embeddable":true,"href":"https:\/\/www.yungayino.cl\/noticias\/index.php?rest_route=\/wp\/v2\/users\/2"}],"replies":[{"embeddable":true,"href":"https:\/\/www.yungayino.cl\/noticias\/index.php?rest_route=%2Fwp%2Fv2%2Fcomments&post=18168"}],"version-history":[{"count":3,"href":"https:\/\/www.yungayino.cl\/noticias\/index.php?rest_route=\/wp\/v2\/posts\/18168\/revisions"}],"predecessor-version":[{"id":18172,"href":"https:\/\/www.yungayino.cl\/noticias\/index.php?rest_route=\/wp\/v2\/posts\/18168\/revisions\/18172"}],"wp:featuredmedia":[{"embeddable":true,"href":"https:\/\/www.yungayino.cl\/noticias\/index.php?rest_route=\/wp\/v2\/media\/18169"}],"wp:attachment":[{"href":"https:\/\/www.yungayino.cl\/noticias\/index.php?rest_route=%2Fwp%2Fv2%2Fmedia&parent=18168"}],"wp:term":[{"taxonomy":"category","embeddable":true,"href":"https:\/\/www.yungayino.cl\/noticias\/index.php?rest_route=%2Fwp%2Fv2%2Fcategories&post=18168"},{"taxonomy":"post_tag","embeddable":true,"href":"https:\/\/www.yungayino.cl\/noticias\/index.php?rest_route=%2Fwp%2Fv2%2Ftags&post=18168"}],"curies":[{"name":"wp","href":"https:\/\/api.w.org\/{rel}","templated":true}]}}