{"id":18198,"date":"2017-08-17T13:00:09","date_gmt":"2017-08-17T16:00:09","guid":{"rendered":"http:\/\/www.yungayino.cl\/noticias\/?p=18198"},"modified":"2017-08-17T15:59:40","modified_gmt":"2017-08-17T18:59:40","slug":"jardines-infantiles-de-integra-realizaron-cuenta-publica-2016-en-yungay","status":"publish","type":"post","link":"https:\/\/www.yungayino.cl\/noticias\/?p=18198","title":{"rendered":"Jardines Infantiles de INTEGRA Realizaron Cuenta P\u00fablica 2016 en Yungay"},"content":{"rendered":"<p><img loading=\"lazy\" decoding=\"async\" class=\"alignnone size-full wp-image-18199\" src=\"http:\/\/www.yungayino.cl\/noticias\/wp-content\/uploads\/2017\/08\/integra_cuenta_publica_2017.jpg\" alt=\"\" width=\"700\" height=\"362\" srcset=\"https:\/\/www.yungayino.cl\/noticias\/wp-content\/uploads\/2017\/08\/integra_cuenta_publica_2017.jpg 700w, https:\/\/www.yungayino.cl\/noticias\/wp-content\/uploads\/2017\/08\/integra_cuenta_publica_2017-300x155.jpg 300w, https:\/\/www.yungayino.cl\/noticias\/wp-content\/uploads\/2017\/08\/integra_cuenta_publica_2017-290x150.jpg 290w\" sizes=\"auto, (max-width: 700px) 100vw, 700px\" \/><\/p>\n<p style=\"text-align: justify;\">Yungay, jueves 17 de agosto 2017: En el Auditorio de la Biblioteca P\u00fablica se llev\u00f3 a cabo ayer mi\u00e9rcoles 16 a partir de las 11:30 horas la Cuenta P\u00fablica Reporte a\u00f1o 2016, donde qued\u00f3 reflejado y destacado la inmensa labor que han realizado los trabajadores y trabajadoras de los Jardines Infantiles \u201cVerde Amanecer\u201d y \u00a0\u201cRayo de Luna\u201d pertenecientes a INTEGRA en Yungay en aspectos como la educaci\u00f3n, infraestructura, proyectos y capacitaci\u00f3n.<\/p>\n<p style=\"text-align: justify;\"><iframe loading=\"lazy\" style=\"border: none; overflow: hidden;\" src=\"https:\/\/www.facebook.com\/plugins\/post.php?href=https:\/\/www.facebook.com\/media\/set\/?set=a.1787614197920278.1073743108.159561284058919&amp;type=1&amp;l=bdd3d4d988&amp;l=a77e327dc6&amp;l=f5951f1994&amp;l=bfecbb8adf&amp;l=687b6bf5da&amp;width=500&amp;show_text=true&amp;height=691&amp;appId\" width=\"500\" height=\"691\" frameborder=\"0\" scrolling=\"no\"><\/iframe><\/p>\n<p style=\"text-align: justify;\">En la ocasi\u00f3n las familias, autoridades, invitados especiales, trabajadores y trabajadoras de los Jardines Infantiles \u201cVerde Amanecer\u201d y\u00a0 \u201cRayo de Luna\u201d pudieron conocer lo que fue la gesti\u00f3n de la instituci\u00f3n durante el a\u00f1o pasado y sus proyecciones respecto al futuro.<\/p>\n<p style=\"text-align: justify;\"><strong>Marisol Castillo<\/strong> <strong>Osses <\/strong>, Directora del Jard\u00edn \u201cVerde Amanecer\u201d, se\u00f1alo al Equipo del Portal Yungayino.cl que para ella es una experiencia nueva, ya que es la primera vez que realiza esta cuenta P\u00fablica, se\u00f1alando que es muy importante esta cuenta ya que se muestran los avances de los Jardines o Fundaci\u00f3n Integra, donde les permite mostrar los avances de antes del a\u00f1o 2013 y lo avanzado al a\u00f1o 2016, tanto en infraestructura, cantidad de funcionarios que hay por sala y de c\u00f3mo se invierten todos los dineros en la Fundaci\u00f3n Integra.<\/p>\n<p style=\"text-align: justify;\">Finalmente por su parte <strong>Yenny Cuiti\u00f1o O\u00f1ate<\/strong>, Directora del Jard\u00edn Infantil \u201cRayo de Luna\u201d, se\u00f1al\u00f3 como muy importante realizar esta cuenta p\u00fablica, ya que se transparentan los dineros invertidos dentro de la comuna y que van en beneficio de nuestros ni\u00f1os (as) para poder lograr un educaci\u00f3n de calidad.<\/p>\n<div class=\"fb-video\" data-href=\"https:\/\/www.facebook.com\/159561284058919\/videos\/1787615734586791\/\" data-width=\"500\" data-show-text=\"true\">\n<blockquote class=\"fb-xfbml-parse-ignore\" cite=\"https:\/\/www.facebook.com\/159561284058919\/videos\/1787615734586791\/\"><p><a href=\"https:\/\/www.facebook.com\/159561284058919\/videos\/1787615734586791\/\">Jardines Infantiles de INTEGRA Realizaron Cuenta P\u00fablica 2016 &#8230;<\/a><\/p><\/blockquote>\n<\/div>\n<p>&nbsp;<\/p>\n<p style=\"text-align: justify;\">[su_button url=\u00bbhttps:\/\/www.facebook.com\/media\/set\/?set=a.1787614197920278.1073743108.159561284058919&amp;type=1&amp;l=bdd3d4d988&#8243; target=\u00bbblank\u00bb size=\u00bb7&#8243; radius=\u00bbround\u00bb icon=\u00bbicon: facebook-square\u00bb]FOTOGRAF\u00cdAS &#8211; Jardines Infantiles de INTEGRA Realizaron Cuenta P\u00fablica 2016 en Yungay[\/su_button]<\/p>\n","protected":false},"excerpt":{"rendered":"<p>Yungay, jueves 17 de agosto 2017: En el Auditorio de la Biblioteca P\u00fablica se llev\u00f3 a cabo ayer mi\u00e9rcoles 16 a partir de las 11:30 horas la Cuenta P\u00fablica Reporte a\u00f1o 2016, donde qued\u00f3&#46;&#46;&#46;<\/p>\n","protected":false},"author":2,"featured_media":18199,"comment_status":"open","ping_status":"open","sticky":false,"template":"","format":"standard","meta":{"footnotes":""},"categories":[3,1],"tags":[365,1607,1016,8,6,117],"class_list":["post-18198","post","type-post","status-publish","format-standard","has-post-thumbnail","hentry","category-actualidad","category-noticias","tag-cuenta-publica","tag-integra","tag-jardines-infantiles","tag-yungay","tag-yungayino","tag-yungayinocl"],"_links":{"self":[{"href":"https:\/\/www.yungayino.cl\/noticias\/index.php?rest_route=\/wp\/v2\/posts\/18198","targetHints":{"allow":["GET"]}}],"collection":[{"href":"https:\/\/www.yungayino.cl\/noticias\/index.php?rest_route=\/wp\/v2\/posts"}],"about":[{"href":"https:\/\/www.yungayino.cl\/noticias\/index.php?rest_route=\/wp\/v2\/types\/post"}],"author":[{"embeddable":true,"href":"https:\/\/www.yungayino.cl\/noticias\/index.php?rest_route=\/wp\/v2\/users\/2"}],"replies":[{"embeddable":true,"href":"https:\/\/www.yungayino.cl\/noticias\/index.php?rest_route=%2Fwp%2Fv2%2Fcomments&post=18198"}],"version-history":[{"count":14,"href":"https:\/\/www.yungayino.cl\/noticias\/index.php?rest_route=\/wp\/v2\/posts\/18198\/revisions"}],"predecessor-version":[{"id":18213,"href":"https:\/\/www.yungayino.cl\/noticias\/index.php?rest_route=\/wp\/v2\/posts\/18198\/revisions\/18213"}],"wp:featuredmedia":[{"embeddable":true,"href":"https:\/\/www.yungayino.cl\/noticias\/index.php?rest_route=\/wp\/v2\/media\/18199"}],"wp:attachment":[{"href":"https:\/\/www.yungayino.cl\/noticias\/index.php?rest_route=%2Fwp%2Fv2%2Fmedia&parent=18198"}],"wp:term":[{"taxonomy":"category","embeddable":true,"href":"https:\/\/www.yungayino.cl\/noticias\/index.php?rest_route=%2Fwp%2Fv2%2Fcategories&post=18198"},{"taxonomy":"post_tag","embeddable":true,"href":"https:\/\/www.yungayino.cl\/noticias\/index.php?rest_route=%2Fwp%2Fv2%2Ftags&post=18198"}],"curies":[{"name":"wp","href":"https:\/\/api.w.org\/{rel}","templated":true}]}}