{"id":18219,"date":"2017-08-20T10:00:21","date_gmt":"2017-08-20T13:00:21","guid":{"rendered":"http:\/\/www.yungayino.cl\/noticias\/?p=18219"},"modified":"2017-08-20T17:40:12","modified_gmt":"2017-08-20T20:40:12","slug":"posta-rural-de-san-antonio-de-yungay-celebro-su-aniversario-n-31","status":"publish","type":"post","link":"https:\/\/www.yungayino.cl\/noticias\/?p=18219","title":{"rendered":"Posta Rural de San Antonio de Yungay Celebr\u00f3 su Aniversario N\u00b0 31"},"content":{"rendered":"<p><img loading=\"lazy\" decoding=\"async\" class=\"alignnone size-full wp-image-18220\" src=\"http:\/\/www.yungayino.cl\/noticias\/wp-content\/uploads\/2017\/08\/posta_san_antonio_201708.jpg\" alt=\"\" width=\"700\" height=\"350\" srcset=\"https:\/\/www.yungayino.cl\/noticias\/wp-content\/uploads\/2017\/08\/posta_san_antonio_201708.jpg 700w, https:\/\/www.yungayino.cl\/noticias\/wp-content\/uploads\/2017\/08\/posta_san_antonio_201708-300x150.jpg 300w\" sizes=\"auto, (max-width: 700px) 100vw, 700px\" \/><\/p>\n<p style=\"text-align: justify;\">Yungay, domingo 20 de agosto 2017: Con un acto realizado el pasado viernes 18 de agosto se conmemoraron los 31 A\u00f1os de aniversario de la Posta Rural \u201cPedro Ben\u00edtez Murillo\u201d, ubicada en el Sector Cordillerano de San Antonio, a 22 kil\u00f3metros de Yungay.<\/p>\n<p style=\"text-align: justify;\">La actividad cont\u00f3 con la asistencia del alcalde Rafael Cifuentes, la Directora del Departamento de Salud Municipal, Andrea Landaeta, Concejales, Autoridades Locales, Dirigentes Vecinales y Vecinos del Sector.<\/p>\n<p style=\"text-align: justify;\"><iframe loading=\"lazy\" style=\"border: none; overflow: hidden;\" src=\"https:\/\/www.facebook.com\/plugins\/post.php?href=https:\/\/www.facebook.com\/media\/set\/?set=a.1790755684272796.1073743110.159561284058919&amp;type=1&amp;l=d5d23538f5&amp;l=a77e327dc6&amp;l=f5951f1994&amp;l=bfecbb8adf&amp;l=687b6bf5da&amp;width=500&amp;show_text=true&amp;height=691&amp;appId\" width=\"500\" height=\"691\" frameborder=\"0\" scrolling=\"no\"><\/iframe><\/p>\n<p style=\"text-align: justify;\">El alcalde Rafael Cifuentes felicit\u00f3 a toda la comunidad y a los funcionarios de la Salud por este nuevo aniversario y todo el trabajo que realizan, tambi\u00e9n agradeci\u00f3 la familia de don \u201cPedro Ben\u00edtez Murillo\u201d a trav\u00e9s de su viuda la se\u00f1ora Orosmira Molina, quien fuera el que don\u00f3 el terreno donde se ubica actualmente la posta.<\/p>\n<p style=\"text-align: justify;\">Andrea Landaeta, Directora del Departamento de Salud Municipal, se\u00f1alo al Equipo del Portal Yungayino.cl, estar muy feliz con este nuevo aniversario de la posta, tambi\u00e9n indic\u00f3 que seguir\u00e1n esforz\u00e1ndose para trabajar por la salud de todos los vecinos de la comuna y en mejorar la atenci\u00f3n primaria de salud, adem\u00e1s destac\u00f3 que a partir del 11 de agosto ya se cuenta con un nuevo minib\u00fas que tiene como objetivo trasladar a los usuarios a los Centros de Salud como el Hospital de Chillan y Hospital de San Carlos, y as\u00ed disminuir las horas de inasistencias de los vecinos por falta de locomoci\u00f3n que los imped\u00eda trasladarse, sobre todo los de los sectores rurales y cordilleranos.<\/p>\n<p style=\"text-align: justify;\">Destacar que durante el acto se realizaron presentaciones art\u00edsticas con la participaci\u00f3n de la Comunidad Escolar de la Escuela de Los Mayos, adem\u00e1s se entregaron reconocimientos. Finalmente los presentes compartieron un c\u00f3ctel para celebrar un nuevo aniversario.<\/p>\n<p style=\"text-align: justify;\">[su_button url=\u00bbhttps:\/\/www.facebook.com\/media\/set\/?set=a.1790755684272796.1073743110.159561284058919&amp;type=1&amp;l=d5d23538f5&#8243; target=\u00bbblank\u00bb size=\u00bb7&#8243; radius=\u00bbround\u00bb icon=\u00bbicon: facebook-square\u00bb]FOTOGRAF\u00cdAS &#8211; Posta Rural de San Antonio de Yungay Celebr\u00f3 su Aniversario N\u00b0 31[\/su_button]<\/p>\n","protected":false},"excerpt":{"rendered":"<p>Yungay, domingo 20 de agosto 2017: Con un acto realizado el pasado viernes 18 de agosto se conmemoraron los 31 A\u00f1os de aniversario de la Posta Rural \u201cPedro Ben\u00edtez Murillo\u201d, ubicada en el Sector&#46;&#46;&#46;<\/p>\n","protected":false},"author":2,"featured_media":18220,"comment_status":"open","ping_status":"open","sticky":false,"template":"","format":"standard","meta":{"footnotes":""},"categories":[1],"tags":[1609,1115,1111,1608,8,6,117],"class_list":["post-18219","post","type-post","status-publish","format-standard","has-post-thumbnail","hentry","category-noticias","tag-aniversario-31","tag-noticias","tag-posta-rural-pedro-benitez-murillo","tag-posta-rural-san-antonio","tag-yungay","tag-yungayino","tag-yungayinocl"],"_links":{"self":[{"href":"https:\/\/www.yungayino.cl\/noticias\/index.php?rest_route=\/wp\/v2\/posts\/18219","targetHints":{"allow":["GET"]}}],"collection":[{"href":"https:\/\/www.yungayino.cl\/noticias\/index.php?rest_route=\/wp\/v2\/posts"}],"about":[{"href":"https:\/\/www.yungayino.cl\/noticias\/index.php?rest_route=\/wp\/v2\/types\/post"}],"author":[{"embeddable":true,"href":"https:\/\/www.yungayino.cl\/noticias\/index.php?rest_route=\/wp\/v2\/users\/2"}],"replies":[{"embeddable":true,"href":"https:\/\/www.yungayino.cl\/noticias\/index.php?rest_route=%2Fwp%2Fv2%2Fcomments&post=18219"}],"version-history":[{"count":1,"href":"https:\/\/www.yungayino.cl\/noticias\/index.php?rest_route=\/wp\/v2\/posts\/18219\/revisions"}],"predecessor-version":[{"id":18221,"href":"https:\/\/www.yungayino.cl\/noticias\/index.php?rest_route=\/wp\/v2\/posts\/18219\/revisions\/18221"}],"wp:featuredmedia":[{"embeddable":true,"href":"https:\/\/www.yungayino.cl\/noticias\/index.php?rest_route=\/wp\/v2\/media\/18220"}],"wp:attachment":[{"href":"https:\/\/www.yungayino.cl\/noticias\/index.php?rest_route=%2Fwp%2Fv2%2Fmedia&parent=18219"}],"wp:term":[{"taxonomy":"category","embeddable":true,"href":"https:\/\/www.yungayino.cl\/noticias\/index.php?rest_route=%2Fwp%2Fv2%2Fcategories&post=18219"},{"taxonomy":"post_tag","embeddable":true,"href":"https:\/\/www.yungayino.cl\/noticias\/index.php?rest_route=%2Fwp%2Fv2%2Ftags&post=18219"}],"curies":[{"name":"wp","href":"https:\/\/api.w.org\/{rel}","templated":true}]}}