{"id":18226,"date":"2017-08-21T13:00:54","date_gmt":"2017-08-21T16:00:54","guid":{"rendered":"http:\/\/www.yungayino.cl\/noticias\/?p=18226"},"modified":"2017-08-21T17:16:04","modified_gmt":"2017-08-21T20:16:04","slug":"artesano-yungayino-chano-anabalon-recibe-reconocimiento-en-la-presentacion-especial-de-la-edicion-sobre-region-de-nuble-de-la-revista-quinchamali","status":"publish","type":"post","link":"https:\/\/www.yungayino.cl\/noticias\/?p=18226","title":{"rendered":"Artesano Yungayino \u201cChano Anabal\u00f3n\u201d Recibe Reconocimiento en la Presentaci\u00f3n Especial de la Edici\u00f3n Sobre Regi\u00f3n de \u00d1uble, de la Revista Quinchamal\u00ed"},"content":{"rendered":"<p><img loading=\"lazy\" decoding=\"async\" class=\"alignnone size-full wp-image-18227\" src=\"http:\/\/www.yungayino.cl\/noticias\/wp-content\/uploads\/2017\/08\/chano_anabalon_201708.jpg\" alt=\"\" width=\"700\" height=\"350\" srcset=\"https:\/\/www.yungayino.cl\/noticias\/wp-content\/uploads\/2017\/08\/chano_anabalon_201708.jpg 700w, https:\/\/www.yungayino.cl\/noticias\/wp-content\/uploads\/2017\/08\/chano_anabalon_201708-300x150.jpg 300w\" sizes=\"auto, (max-width: 700px) 100vw, 700px\" \/><\/p>\n<p style=\"text-align: justify;\">Yungay, lunes 21 de agosto 2017: En el Teatro Municipal de Chill\u00e1n se llev\u00f3 a cabo el pasado viernes 19 de agosto a partir de las 11:00 horas la presentaci\u00f3n del n\u00famero especial de la revista Quinchamal\u00ed. Artes, Letras y Sociedad sobre la Regi\u00f3n de \u00d1uble, cuya edici\u00f3n se denomino <strong>\u201cRegi\u00f3n de \u00d1uble\u201d<\/strong>, donde da cuenta de los antecedentes sociales, hist\u00f3ricos y culturales en que se respald\u00f3 el sue\u00f1o de convertir a la provincia en regi\u00f3n.<\/p>\n<p style=\"text-align: justify;\"><iframe loading=\"lazy\" style=\"border: none; overflow: hidden;\" src=\"https:\/\/www.facebook.com\/plugins\/post.php?href=https:\/\/www.facebook.com\/media\/set\/?set=a.1791718090843222.1073743112.159561284058919&amp;type=1&amp;l=75336602de&amp;l=a77e327dc6&amp;l=f5951f1994&amp;l=bfecbb8adf&amp;l=687b6bf5da&amp;width=500&amp;show_text=true&amp;height=691&amp;appId\" width=\"500\" height=\"691\" frameborder=\"0\" scrolling=\"no\"><\/iframe><\/p>\n<p style=\"text-align: justify;\">En la ocasi\u00f3n la revista hizo entrega de un reconocimiento a representantes culturales, artistas y actores sociales de las 21 comunas que ahora forman las nuevas provincias de la nueva regi\u00f3n de \u00d1uble, todo esto por su cooperaci\u00f3n con la Revista Quinchamal\u00ed, donde el destacado Tallador de la comuna de Yungay, Juan Anabalon Am\u00e9stica, m\u00e1s conocido como <strong>\u201cChano Anabal\u00f3n\u201d <\/strong>subi\u00f3 al escenario a recibir este importante reconocimiento.<\/p>\n<p style=\"text-align: justify;\">Finalmente destacar que la actividad estuvo liderada por el Gobernador de \u00d1uble, \u00c1lvaro Miguieles, el alcalde de Chill\u00e1n, Sergio Zarzar, Alejandro Witker, Director de la Revista Quinchamal\u00ed, autoridades comunales y el alcalde Rafael Cifuentes acompa\u00f1ado por una delegaci\u00f3n yungayina apoyando al conocido artesano \u201cChano Anabal\u00f3n\u201d en la entrega de este nuevo premio.<\/p>\n<p style=\"text-align: justify;\">[su_button url=\u00bbhttps:\/\/www.facebook.com\/media\/set\/?set=a.1791718090843222.1073743112.159561284058919&amp;type=1&amp;l=75336602de\u00bb target=\u00bbblank\u00bb size=\u00bb7&#8243; radius=\u00bbround\u00bb icon=\u00bbicon: facebook-square\u00bb]FOTOGRAF\u00cdAS &#8211; Artesano Yungayino \u201cChano Anabal\u00f3n\u201d Recibe Reconocimiento en la Presentaci\u00f3n Especial de la Edici\u00f3n Sobre Regi\u00f3n de \u00d1uble, de la Revista Quinchamal\u00ed[\/su_button]<\/p>\n","protected":false},"excerpt":{"rendered":"<p>Yungay, lunes 21 de agosto 2017: En el Teatro Municipal de Chill\u00e1n se llev\u00f3 a cabo el pasado viernes 19 de agosto a partir de las 11:00 horas la presentaci\u00f3n del n\u00famero especial de&#46;&#46;&#46;<\/p>\n","protected":false},"author":2,"featured_media":18227,"comment_status":"open","ping_status":"open","sticky":false,"template":"","format":"standard","meta":{"footnotes":""},"categories":[1],"tags":[1367,412,1115,8,6,117],"class_list":["post-18226","post","type-post","status-publish","format-standard","has-post-thumbnail","hentry","category-noticias","tag-artesano","tag-chano-anabalon","tag-noticias","tag-yungay","tag-yungayino","tag-yungayinocl"],"_links":{"self":[{"href":"https:\/\/www.yungayino.cl\/noticias\/index.php?rest_route=\/wp\/v2\/posts\/18226","targetHints":{"allow":["GET"]}}],"collection":[{"href":"https:\/\/www.yungayino.cl\/noticias\/index.php?rest_route=\/wp\/v2\/posts"}],"about":[{"href":"https:\/\/www.yungayino.cl\/noticias\/index.php?rest_route=\/wp\/v2\/types\/post"}],"author":[{"embeddable":true,"href":"https:\/\/www.yungayino.cl\/noticias\/index.php?rest_route=\/wp\/v2\/users\/2"}],"replies":[{"embeddable":true,"href":"https:\/\/www.yungayino.cl\/noticias\/index.php?rest_route=%2Fwp%2Fv2%2Fcomments&post=18226"}],"version-history":[{"count":2,"href":"https:\/\/www.yungayino.cl\/noticias\/index.php?rest_route=\/wp\/v2\/posts\/18226\/revisions"}],"predecessor-version":[{"id":18229,"href":"https:\/\/www.yungayino.cl\/noticias\/index.php?rest_route=\/wp\/v2\/posts\/18226\/revisions\/18229"}],"wp:featuredmedia":[{"embeddable":true,"href":"https:\/\/www.yungayino.cl\/noticias\/index.php?rest_route=\/wp\/v2\/media\/18227"}],"wp:attachment":[{"href":"https:\/\/www.yungayino.cl\/noticias\/index.php?rest_route=%2Fwp%2Fv2%2Fmedia&parent=18226"}],"wp:term":[{"taxonomy":"category","embeddable":true,"href":"https:\/\/www.yungayino.cl\/noticias\/index.php?rest_route=%2Fwp%2Fv2%2Fcategories&post=18226"},{"taxonomy":"post_tag","embeddable":true,"href":"https:\/\/www.yungayino.cl\/noticias\/index.php?rest_route=%2Fwp%2Fv2%2Ftags&post=18226"}],"curies":[{"name":"wp","href":"https:\/\/api.w.org\/{rel}","templated":true}]}}