{"id":18235,"date":"2017-08-22T16:00:42","date_gmt":"2017-08-22T19:00:42","guid":{"rendered":"http:\/\/www.yungayino.cl\/noticias\/?p=18235"},"modified":"2017-08-22T17:30:32","modified_gmt":"2017-08-22T20:30:32","slug":"programa-liderando-lideres-reconocio-a-estudiantes","status":"publish","type":"post","link":"https:\/\/www.yungayino.cl\/noticias\/?p=18235","title":{"rendered":"Programa Liderando L\u00edderes Reconoci\u00f3 a Estudiantes"},"content":{"rendered":"<p><img loading=\"lazy\" decoding=\"async\" class=\"alignnone size-full wp-image-18236\" src=\"http:\/\/www.yungayino.cl\/noticias\/wp-content\/uploads\/2017\/08\/liceo_liderando_lideres_201708.jpg\" alt=\"\" width=\"700\" height=\"402\" srcset=\"https:\/\/www.yungayino.cl\/noticias\/wp-content\/uploads\/2017\/08\/liceo_liderando_lideres_201708.jpg 700w, https:\/\/www.yungayino.cl\/noticias\/wp-content\/uploads\/2017\/08\/liceo_liderando_lideres_201708-300x172.jpg 300w, https:\/\/www.yungayino.cl\/noticias\/wp-content\/uploads\/2017\/08\/liceo_liderando_lideres_201708-261x150.jpg 261w\" sizes=\"auto, (max-width: 700px) 100vw, 700px\" \/><\/p>\n<p style=\"text-align: justify;\">Yungay, 22 de agosto 2017: 17 estudiantes de la Provincia de \u00d1uble recibieron su certificado de participaci\u00f3n del Programa Liderando Lideres en su versi\u00f3n 2016, iniciativa generada y ejecutada por la Universidad de Concepci\u00f3n, Campus Chill\u00e1n en convenio con la Provincial de Educaci\u00f3n de \u00d1uble. La ceremonia realizada recientemente en el Auditorio Suarez Fanjul de la UDEC, cont\u00f3 con la participaci\u00f3n del Director del Campus, Oscar Skewes, el Jefe Provincial de Educaci\u00f3n, Hern\u00e1n \u00c1lvarez, la Directora del Programa, Ver\u00f3nica L\u00f3pez, docentes, estudiantes, padres y apoderados.<\/p>\n<p style=\"text-align: justify;\">En esta primera instancia, participaron seis establecimientos de Educaci\u00f3n Media de la Provincia de \u00d1uble: Liceo Virginio Arias de R\u00e1nquil, <strong>Liceo A-17 de Yungay<\/strong>, Liceo Narciso Tondreau de\u00a0 Chill\u00e1n, Colegio San Buenaventura de Chill\u00e1n, Liceo Arturo Prat Chac\u00f3n de Ninhue y Liceo Nibaldo Sep\u00falveda de Portezuelo. El curso contempl\u00f3 13 sesiones que se desarrollaron los d\u00edas s\u00e1bado del segundo semestre del a\u00f1o pasado, en dependencias de la UDEC y las principales tem\u00e1ticas fueron: Inteligencia emocional, Comunicaci\u00f3n, Relaciones Interpersonales, Trabajo en Equipo, Gesti\u00f3n del Conocimiento en las Organizaciones, Direcci\u00f3n de Equipos, Resoluci\u00f3n de Problemas, Responsabilidad Social y Desarrollo de Proyectos.<\/p>\n<p style=\"text-align: justify;\">Finalmente el Jefe del Deproe destac\u00f3 la importancia del programa y la preocupaci\u00f3n de la Universidad de Concepci\u00f3n por entregar herramientas de desarrollo personal a los j\u00f3venes de \u00d1uble, \u201cahora que seremos Regi\u00f3n, necesitamos que nuestros j\u00f3venes est\u00e9n preparados para los desaf\u00edos que este nuevo orden territorial nos demande\u201d.<\/p>\n","protected":false},"excerpt":{"rendered":"<p>Yungay, 22 de agosto 2017: 17 estudiantes de la Provincia de \u00d1uble recibieron su certificado de participaci\u00f3n del Programa Liderando Lideres en su versi\u00f3n 2016, iniciativa generada y ejecutada por la Universidad de Concepci\u00f3n,&#46;&#46;&#46;<\/p>\n","protected":false},"author":2,"featured_media":18236,"comment_status":"open","ping_status":"open","sticky":false,"template":"","format":"standard","meta":{"footnotes":""},"categories":[1],"tags":[89,1115,8,6,117],"class_list":["post-18235","post","type-post","status-publish","format-standard","has-post-thumbnail","hentry","category-noticias","tag-liceo-yungay","tag-noticias","tag-yungay","tag-yungayino","tag-yungayinocl"],"_links":{"self":[{"href":"https:\/\/www.yungayino.cl\/noticias\/index.php?rest_route=\/wp\/v2\/posts\/18235","targetHints":{"allow":["GET"]}}],"collection":[{"href":"https:\/\/www.yungayino.cl\/noticias\/index.php?rest_route=\/wp\/v2\/posts"}],"about":[{"href":"https:\/\/www.yungayino.cl\/noticias\/index.php?rest_route=\/wp\/v2\/types\/post"}],"author":[{"embeddable":true,"href":"https:\/\/www.yungayino.cl\/noticias\/index.php?rest_route=\/wp\/v2\/users\/2"}],"replies":[{"embeddable":true,"href":"https:\/\/www.yungayino.cl\/noticias\/index.php?rest_route=%2Fwp%2Fv2%2Fcomments&post=18235"}],"version-history":[{"count":1,"href":"https:\/\/www.yungayino.cl\/noticias\/index.php?rest_route=\/wp\/v2\/posts\/18235\/revisions"}],"predecessor-version":[{"id":18237,"href":"https:\/\/www.yungayino.cl\/noticias\/index.php?rest_route=\/wp\/v2\/posts\/18235\/revisions\/18237"}],"wp:featuredmedia":[{"embeddable":true,"href":"https:\/\/www.yungayino.cl\/noticias\/index.php?rest_route=\/wp\/v2\/media\/18236"}],"wp:attachment":[{"href":"https:\/\/www.yungayino.cl\/noticias\/index.php?rest_route=%2Fwp%2Fv2%2Fmedia&parent=18235"}],"wp:term":[{"taxonomy":"category","embeddable":true,"href":"https:\/\/www.yungayino.cl\/noticias\/index.php?rest_route=%2Fwp%2Fv2%2Fcategories&post=18235"},{"taxonomy":"post_tag","embeddable":true,"href":"https:\/\/www.yungayino.cl\/noticias\/index.php?rest_route=%2Fwp%2Fv2%2Ftags&post=18235"}],"curies":[{"name":"wp","href":"https:\/\/api.w.org\/{rel}","templated":true}]}}