{"id":18307,"date":"2017-09-12T13:00:41","date_gmt":"2017-09-12T16:00:41","guid":{"rendered":"http:\/\/www.yungayino.cl\/noticias\/?p=18307"},"modified":"2017-09-12T15:18:23","modified_gmt":"2017-09-12T18:18:23","slug":"vecinos-inauguran-pavimentacion-de-calle-bulnes-en-yungay","status":"publish","type":"post","link":"https:\/\/www.yungayino.cl\/noticias\/?p=18307","title":{"rendered":"Vecinos Inauguran Pavimentaci\u00f3n de Calle Bulnes en Yungay"},"content":{"rendered":"<p><img loading=\"lazy\" decoding=\"async\" class=\"alignnone size-full wp-image-18316\" src=\"http:\/\/www.yungayino.cl\/noticias\/wp-content\/uploads\/2017\/09\/pavimentacion_calle_bulnes_2017.jpg\" alt=\"\" width=\"700\" height=\"350\" srcset=\"https:\/\/www.yungayino.cl\/noticias\/wp-content\/uploads\/2017\/09\/pavimentacion_calle_bulnes_2017.jpg 700w, https:\/\/www.yungayino.cl\/noticias\/wp-content\/uploads\/2017\/09\/pavimentacion_calle_bulnes_2017-300x150.jpg 300w\" sizes=\"auto, (max-width: 700px) 100vw, 700px\" \/><\/p>\n<p style=\"text-align: justify;\">Yungay, martes 12 de septiembre 2017: Con alegr\u00eda y emoci\u00f3n el \u201cComit\u00e9 de Pavimentaci\u00f3n Participativa Calle General Bulnes\u201d, participaron el pasado s\u00e1bado 09 de la inauguraci\u00f3n de la pavimentaci\u00f3n de la Calle Bulnes de Yungay.<\/p>\n<p style=\"text-align: justify;\">Se\u00f1alar que la pavimentaci\u00f3n de la Calle Bulnes fue postulada el a\u00f1o 2015 por el SECPLAN del Municipio de Yungay al Programa de Pavimentaci\u00f3n Participativa del Ministerio de Vivienda y Urbanismo, siendo ejecutado el a\u00f1o 2017 con una inversi\u00f3n de 4.490 UF, es decir aproximadamente 120 millones de pesos.<\/p>\n<p><iframe loading=\"lazy\" style=\"border: none; overflow: hidden;\" src=\"https:\/\/www.facebook.com\/plugins\/post.php?href=https:\/\/www.facebook.com\/media\/set\/?set=a.1814603215221376.1073743123.159561284058919&amp;type=1&amp;l=d319e5d0ad&amp;l=a77e327dc6&amp;l=f5951f1994&amp;l=bfecbb8adf&amp;l=687b6bf5da&amp;width=500&amp;show_text=true&amp;height=691&amp;appId\" width=\"500\" height=\"691\" frameborder=\"0\" scrolling=\"no\"><\/iframe><\/p>\n<p style=\"text-align: justify;\"><strong>Estrella Ram\u00edrez<\/strong>, Presidenta del \u201cComit\u00e9 de Pavimentaci\u00f3n Participativa Calle General Bulnes\u201d manifest\u00f3 al Equipo del Portal Yungayino.cl, su felicidad y alegr\u00eda porque a\u00f1os que ven\u00edan luchando por este proyecto, y viviendo en el barro y que ahora est\u00e1 cumplido este sue\u00f1o de vivir m\u00e1s dignamente, adem\u00e1s agradeci\u00f3 el apoyo dado por el municipio y en especial al Sr. Nelson Burgos, Jefe de Secplan, qui\u00e9n siempre estuvo apoy\u00e1ndolos en este gran proyecto.<\/p>\n<p style=\"text-align: justify;\">Por su parte el alcalde Rafael Cifuentes tambi\u00e9n expres\u00f3 su felicidad, ya que \u00e9l conoc\u00eda de a\u00f1os este sector donde solo era un callej\u00f3n, y que era un gran anhelo para los vecinos de este sector, el que ahora se concreta y que mejora la calidad de vida de muchos vecinos, tambi\u00e9n indic\u00f3 que continuar\u00e1n trabajando como municipio en otros proyectos para seguir mejorando.<\/p>\n<p style=\"text-align: justify;\"><strong>Juan Pablo Osses<\/strong>, representante de Serviu \u00d1uble, se\u00f1alo en su discurso a los presentes que con estos proyectos que van en beneficio de todos los vecinos se buscar mayor integraci\u00f3n, barrios integrados con la finalidad de que cuenten con vecinos organizados y que se conozcan entre ellos, finalmente destac\u00f3 a los vecinos que el ministerio tiene las puertas abiertas para que sigan postulando a nuevos proyectos.<\/p>\n<p style=\"text-align: justify;\">Finalmente las autoridades y presentes realizaron el tradicional corte de cinta y luego compartieron un c\u00f3ctel para celebrar.<\/p>\n<p style=\"text-align: justify;\">[su_button url=\u00bbhttps:\/\/www.facebook.com\/media\/set\/?set=a.1814603215221376.1073743123.159561284058919&amp;type=1&amp;l=d319e5d0ad\u00bb target=\u00bbblank\u00bb size=\u00bb7&#8243; radius=\u00bbround\u00bb icon=\u00bbicon: facebook-square\u00bb]FOTOGRAF\u00cdAS &#8211; Vecinos Inauguran Pavimentaci\u00f3n de Calle Bulnes en Yungay[\/su_button]<\/p>\n","protected":false},"excerpt":{"rendered":"<p>Yungay, martes 12 de septiembre 2017: Con alegr\u00eda y emoci\u00f3n el \u201cComit\u00e9 de Pavimentaci\u00f3n Participativa Calle General Bulnes\u201d, participaron el pasado s\u00e1bado 09 de la inauguraci\u00f3n de la pavimentaci\u00f3n de la Calle Bulnes de&#46;&#46;&#46;<\/p>\n","protected":false},"author":2,"featured_media":18316,"comment_status":"open","ping_status":"open","sticky":false,"template":"","format":"standard","meta":{"footnotes":""},"categories":[1],"tags":[1618,1115,742,8,6,117],"class_list":["post-18307","post","type-post","status-publish","format-standard","has-post-thumbnail","hentry","category-noticias","tag-calle-bulnes","tag-noticias","tag-pavimentacion","tag-yungay","tag-yungayino","tag-yungayinocl"],"_links":{"self":[{"href":"https:\/\/www.yungayino.cl\/noticias\/index.php?rest_route=\/wp\/v2\/posts\/18307","targetHints":{"allow":["GET"]}}],"collection":[{"href":"https:\/\/www.yungayino.cl\/noticias\/index.php?rest_route=\/wp\/v2\/posts"}],"about":[{"href":"https:\/\/www.yungayino.cl\/noticias\/index.php?rest_route=\/wp\/v2\/types\/post"}],"author":[{"embeddable":true,"href":"https:\/\/www.yungayino.cl\/noticias\/index.php?rest_route=\/wp\/v2\/users\/2"}],"replies":[{"embeddable":true,"href":"https:\/\/www.yungayino.cl\/noticias\/index.php?rest_route=%2Fwp%2Fv2%2Fcomments&post=18307"}],"version-history":[{"count":4,"href":"https:\/\/www.yungayino.cl\/noticias\/index.php?rest_route=\/wp\/v2\/posts\/18307\/revisions"}],"predecessor-version":[{"id":18319,"href":"https:\/\/www.yungayino.cl\/noticias\/index.php?rest_route=\/wp\/v2\/posts\/18307\/revisions\/18319"}],"wp:featuredmedia":[{"embeddable":true,"href":"https:\/\/www.yungayino.cl\/noticias\/index.php?rest_route=\/wp\/v2\/media\/18316"}],"wp:attachment":[{"href":"https:\/\/www.yungayino.cl\/noticias\/index.php?rest_route=%2Fwp%2Fv2%2Fmedia&parent=18307"}],"wp:term":[{"taxonomy":"category","embeddable":true,"href":"https:\/\/www.yungayino.cl\/noticias\/index.php?rest_route=%2Fwp%2Fv2%2Fcategories&post=18307"},{"taxonomy":"post_tag","embeddable":true,"href":"https:\/\/www.yungayino.cl\/noticias\/index.php?rest_route=%2Fwp%2Fv2%2Ftags&post=18307"}],"curies":[{"name":"wp","href":"https:\/\/api.w.org\/{rel}","templated":true}]}}