{"id":18331,"date":"2017-09-14T14:00:23","date_gmt":"2017-09-14T17:00:23","guid":{"rendered":"http:\/\/www.yungayino.cl\/noticias\/?p=18331"},"modified":"2017-09-14T16:10:26","modified_gmt":"2017-09-14T19:10:26","slug":"final-del-primer-concurso-master-mini-chef-en-yungay","status":"publish","type":"post","link":"https:\/\/www.yungayino.cl\/noticias\/?p=18331","title":{"rendered":"Final del Primer Concurso \u201cMaster Mini Chef\u201d en Yungay"},"content":{"rendered":"<p><img loading=\"lazy\" decoding=\"async\" class=\"alignnone size-full wp-image-18332\" src=\"http:\/\/www.yungayino.cl\/noticias\/wp-content\/uploads\/2017\/09\/master_chef_mini_2017.jpg\" alt=\"\" width=\"700\" height=\"350\" srcset=\"https:\/\/www.yungayino.cl\/noticias\/wp-content\/uploads\/2017\/09\/master_chef_mini_2017.jpg 700w, https:\/\/www.yungayino.cl\/noticias\/wp-content\/uploads\/2017\/09\/master_chef_mini_2017-300x150.jpg 300w\" sizes=\"auto, (max-width: 700px) 100vw, 700px\" \/><\/p>\n<p style=\"text-align: justify;\">Yungay, jueves 14 de septiembre 2017: El pasado lunes 11 de septiembre se llev\u00f3 a cabo la Final del Primer Concurso \u201cMaster Mini Chef\u201d realizado como parte del Programa de Promoci\u00f3n de Salud en Yungay.<\/p>\n<p style=\"text-align: justify;\"><iframe loading=\"lazy\" style=\"border: none; overflow: hidden;\" src=\"https:\/\/www.facebook.com\/plugins\/post.php?href=https:\/\/www.facebook.com\/media\/set\/?set=a.1817781578236873.1073743127.159561284058919&amp;type=1&amp;l=a0a9f60f6d&amp;l=a77e327dc6&amp;l=f5951f1994&amp;l=bfecbb8adf&amp;l=687b6bf5da&amp;width=500&amp;show_text=true&amp;height=691&amp;appId\" width=\"500\" height=\"691\" frameborder=\"0\" scrolling=\"no\"><\/iframe><\/p>\n<p style=\"text-align: justify;\">Se\u00f1alar que este novedoso concurso fue una iniciativa del Comit\u00e9 de Promoci\u00f3n de Salud de la comuna de Yungay y que tuvo como objetivo general, promover h\u00e1bitos de alimentaci\u00f3n sana, vida activa y autocuidado en los alumnos, de manera de prevenir la obesidad y las enfermedades cr\u00f3nicas no transmisibles, mejorando su calidad de vida y como objetivos espec\u00edficos los siguientes:<\/p>\n<ul style=\"text-align: justify;\">\n<li>Motivar y empoderar a los profesores como agentes promotores de salud.<\/li>\n<li>Fomentar h\u00e1bitos de alimentaci\u00f3n saludable y de vida activa en los alumnos en los establecimientos educacionales.<\/li>\n<li>Generar un ambiente saludable, activo y de autocuidado en el entorno escolar.<\/li>\n<li>Continuar con las pr\u00e1cticas saludables dentro del curso, m\u00e1s all\u00e1 y fuera del tiempo que se lleve a cabo el concurso, convirtiendo los estilos de vida saludables en una realidad diaria.<\/li>\n<\/ul>\n<p style=\"text-align: justify;\">Finalmente el jurado eligi\u00f3 a los ganadores de las mejores recetas de las 3 categor\u00edas participantes, donde los alumnos concursantes elaboraron un desayuno saludable acorde a los recursos y alimentos disponibles en una bandeja que dispuso el Comit\u00e9 Promoci\u00f3n en Salud, para la final.<\/p>\n<p style=\"text-align: justify;\"><strong><u>Jurado Concurso<\/u><\/strong><\/p>\n<p style=\"text-align: justify;\">Carlos Bizama Cofr\u00e9, Nutricionista CESFAM de Campanario<\/p>\n<p style=\"text-align: justify;\">Vanesa Ortiz Valdisola, Nutricionista Hospital de Yungay<\/p>\n<p style=\"text-align: justify;\">Jos\u00e9 Jara Pardo, Director hospital comunitario Pedro morales Campos Yungay<\/p>\n<p style=\"text-align: justify;\">Carolina Baeza Villa, Directora Departamento de Salud Municipal<\/p>\n<p style=\"text-align: justify;\">[su_button url=\u00bbhttps:\/\/www.facebook.com\/media\/set\/?set=a.1817781578236873.1073743127.159561284058919&amp;type=1&amp;l=a0a9f60f6d\u00bb target=\u00bbblank\u00bb size=\u00bb7&#8243; radius=\u00bbround\u00bb icon=\u00bbicon: facebook-square\u00bb]FOTOGRAF\u00cdAS &#8211; Final del Primer Concurso \u201cMaster Mini Chef\u201d en Yungay[\/su_button]<\/p>\n","protected":false},"excerpt":{"rendered":"<p>Yungay, jueves 14 de septiembre 2017: El pasado lunes 11 de septiembre se llev\u00f3 a cabo la Final del Primer Concurso \u201cMaster Mini Chef\u201d realizado como parte del Programa de Promoci\u00f3n de Salud en&#46;&#46;&#46;<\/p>\n","protected":false},"author":2,"featured_media":18332,"comment_status":"open","ping_status":"open","sticky":false,"template":"","format":"standard","meta":{"footnotes":""},"categories":[1],"tags":[1621,1622,1115,65,8,6,1620],"class_list":["post-18331","post","type-post","status-publish","format-standard","has-post-thumbnail","hentry","category-noticias","tag-concurso","tag-master-mini-chef","tag-noticias","tag-salud","tag-yungay","tag-yungayino","tag-yungayino-col"],"_links":{"self":[{"href":"https:\/\/www.yungayino.cl\/noticias\/index.php?rest_route=\/wp\/v2\/posts\/18331","targetHints":{"allow":["GET"]}}],"collection":[{"href":"https:\/\/www.yungayino.cl\/noticias\/index.php?rest_route=\/wp\/v2\/posts"}],"about":[{"href":"https:\/\/www.yungayino.cl\/noticias\/index.php?rest_route=\/wp\/v2\/types\/post"}],"author":[{"embeddable":true,"href":"https:\/\/www.yungayino.cl\/noticias\/index.php?rest_route=\/wp\/v2\/users\/2"}],"replies":[{"embeddable":true,"href":"https:\/\/www.yungayino.cl\/noticias\/index.php?rest_route=%2Fwp%2Fv2%2Fcomments&post=18331"}],"version-history":[{"count":1,"href":"https:\/\/www.yungayino.cl\/noticias\/index.php?rest_route=\/wp\/v2\/posts\/18331\/revisions"}],"predecessor-version":[{"id":18333,"href":"https:\/\/www.yungayino.cl\/noticias\/index.php?rest_route=\/wp\/v2\/posts\/18331\/revisions\/18333"}],"wp:featuredmedia":[{"embeddable":true,"href":"https:\/\/www.yungayino.cl\/noticias\/index.php?rest_route=\/wp\/v2\/media\/18332"}],"wp:attachment":[{"href":"https:\/\/www.yungayino.cl\/noticias\/index.php?rest_route=%2Fwp%2Fv2%2Fmedia&parent=18331"}],"wp:term":[{"taxonomy":"category","embeddable":true,"href":"https:\/\/www.yungayino.cl\/noticias\/index.php?rest_route=%2Fwp%2Fv2%2Fcategories&post=18331"},{"taxonomy":"post_tag","embeddable":true,"href":"https:\/\/www.yungayino.cl\/noticias\/index.php?rest_route=%2Fwp%2Fv2%2Ftags&post=18331"}],"curies":[{"name":"wp","href":"https:\/\/api.w.org\/{rel}","templated":true}]}}