{"id":18338,"date":"2017-09-15T11:00:51","date_gmt":"2017-09-15T14:00:51","guid":{"rendered":"http:\/\/www.yungayino.cl\/noticias\/?p=18338"},"modified":"2017-09-15T18:00:40","modified_gmt":"2017-09-15T21:00:40","slug":"sala-cuna-y-jardin-infantil-mundo-de-amor-celebro-fiestas-patrias-2017","status":"publish","type":"post","link":"https:\/\/www.yungayino.cl\/noticias\/?p=18338","title":{"rendered":"Sala Cuna y Jard\u00edn Infantil \u201cMundo de Amor\u201c, Celebr\u00f3 Fiestas Patrias 2017"},"content":{"rendered":"<p><img loading=\"lazy\" decoding=\"async\" class=\"alignnone size-full wp-image-18339\" src=\"http:\/\/www.yungayino.cl\/noticias\/wp-content\/uploads\/2017\/09\/trilaleo_jardin_20170915.jpg\" alt=\"\" width=\"700\" height=\"369\" srcset=\"https:\/\/www.yungayino.cl\/noticias\/wp-content\/uploads\/2017\/09\/trilaleo_jardin_20170915.jpg 700w, https:\/\/www.yungayino.cl\/noticias\/wp-content\/uploads\/2017\/09\/trilaleo_jardin_20170915-300x158.jpg 300w, https:\/\/www.yungayino.cl\/noticias\/wp-content\/uploads\/2017\/09\/trilaleo_jardin_20170915-285x150.jpg 285w\" sizes=\"auto, (max-width: 700px) 100vw, 700px\" \/><\/p>\n<p style=\"text-align: justify;\">Yungay, viernes 15 de septiembre 2017: Con la participaci\u00f3n de las t\u00edas, padres y apoderados, la Sala Cuna y Jard\u00edn Infantil \u201cMundo de Amor\u201d, la cual est\u00e1 ubicada en la Villa Trilaleo de nuestra comuna, realiz\u00f3 una Pe\u00f1a Folcl\u00f3rica para celebrar las Fiestas Patrias 2017.<\/p>\n<p style=\"text-align: justify;\"><iframe loading=\"lazy\" style=\"border: none; overflow: hidden;\" src=\"https:\/\/www.facebook.com\/plugins\/post.php?href=https:\/\/www.facebook.com\/media\/set\/?set=a.1818897001458664.1073743130.159561284058919&amp;type=1&amp;l=ded1fc7087&amp;l=a77e327dc6&amp;l=f5951f1994&amp;l=bfecbb8adf&amp;l=687b6bf5da&amp;width=500&amp;show_text=true&amp;height=691&amp;appId\" width=\"500\" height=\"691\" frameborder=\"0\" scrolling=\"no\"><\/iframe><\/p>\n<p style=\"text-align: justify;\">La actividad se llev\u00f3 a cabo a partir de las 11:00 horas en la Sede de la Villa Trilaleo, donde se cont\u00f3 con una activa participaci\u00f3n de los presentes, destac\u00e1ndose el paseo por la pasarela de los m\u00e1s peque\u00f1os vestidos con trajes t\u00edpicos de nuestro pa\u00eds y ser fotografiado por las c\u00e1maras del Equipo del Portal Yungayino.cl<\/p>\n<p style=\"text-align: justify;\">Alison Jara Bustamante, Directora del Jard\u00edn se\u00f1alo al Equipo del Portal Yungayino.cl, que la actividad se realiz\u00f3 como iniciativa para celebrar un nuevo aniversario de nuestra Patria e incentivar a los ni\u00f1os(as) con nuestras costumbres populares, tambi\u00e9n destac\u00f3 el apoyo de los apoderados en la organizaci\u00f3n de este evento.<\/p>\n<p style=\"text-align: justify;\">[su_button url=\u00bbhttps:\/\/www.facebook.com\/media\/set\/?set=a.1818897001458664.1073743130.159561284058919&amp;type=1&amp;l=ded1fc7087&#8243; target=\u00bbblank\u00bb size=\u00bb7&#8243; radius=\u00bbround\u00bb icon=\u00bbicon: facebook-square\u00bb]FOTOGRAF\u00cdAS &#8211; Sala Cuna y Jard\u00edn Infantil \u201cMundo de Amor\u201c, Celebr\u00f3 Fiestas Patrias 2017[\/su_button]<\/p>\n","protected":false},"excerpt":{"rendered":"<p>Yungay, viernes 15 de septiembre 2017: Con la participaci\u00f3n de las t\u00edas, padres y apoderados, la Sala Cuna y Jard\u00edn Infantil \u201cMundo de Amor\u201d, la cual est\u00e1 ubicada en la Villa Trilaleo de nuestra&#46;&#46;&#46;<\/p>\n","protected":false},"author":2,"featured_media":18339,"comment_status":"open","ping_status":"open","sticky":false,"template":"","format":"standard","meta":{"footnotes":""},"categories":[5,1],"tags":[1624,1115,822,8,6,117],"class_list":["post-18338","post","type-post","status-publish","format-standard","has-post-thumbnail","hentry","category-eventos","category-noticias","tag-jardin-mundo-de-amor","tag-noticias","tag-villa-trilaleo","tag-yungay","tag-yungayino","tag-yungayinocl"],"_links":{"self":[{"href":"https:\/\/www.yungayino.cl\/noticias\/index.php?rest_route=\/wp\/v2\/posts\/18338","targetHints":{"allow":["GET"]}}],"collection":[{"href":"https:\/\/www.yungayino.cl\/noticias\/index.php?rest_route=\/wp\/v2\/posts"}],"about":[{"href":"https:\/\/www.yungayino.cl\/noticias\/index.php?rest_route=\/wp\/v2\/types\/post"}],"author":[{"embeddable":true,"href":"https:\/\/www.yungayino.cl\/noticias\/index.php?rest_route=\/wp\/v2\/users\/2"}],"replies":[{"embeddable":true,"href":"https:\/\/www.yungayino.cl\/noticias\/index.php?rest_route=%2Fwp%2Fv2%2Fcomments&post=18338"}],"version-history":[{"count":2,"href":"https:\/\/www.yungayino.cl\/noticias\/index.php?rest_route=\/wp\/v2\/posts\/18338\/revisions"}],"predecessor-version":[{"id":18341,"href":"https:\/\/www.yungayino.cl\/noticias\/index.php?rest_route=\/wp\/v2\/posts\/18338\/revisions\/18341"}],"wp:featuredmedia":[{"embeddable":true,"href":"https:\/\/www.yungayino.cl\/noticias\/index.php?rest_route=\/wp\/v2\/media\/18339"}],"wp:attachment":[{"href":"https:\/\/www.yungayino.cl\/noticias\/index.php?rest_route=%2Fwp%2Fv2%2Fmedia&parent=18338"}],"wp:term":[{"taxonomy":"category","embeddable":true,"href":"https:\/\/www.yungayino.cl\/noticias\/index.php?rest_route=%2Fwp%2Fv2%2Fcategories&post=18338"},{"taxonomy":"post_tag","embeddable":true,"href":"https:\/\/www.yungayino.cl\/noticias\/index.php?rest_route=%2Fwp%2Fv2%2Ftags&post=18338"}],"curies":[{"name":"wp","href":"https:\/\/api.w.org\/{rel}","templated":true}]}}