{"id":18346,"date":"2017-09-15T14:00:06","date_gmt":"2017-09-15T17:00:06","guid":{"rendered":"http:\/\/www.yungayino.cl\/noticias\/?p=18346"},"modified":"2017-09-15T18:18:23","modified_gmt":"2017-09-15T21:18:23","slug":"con-fiesta-folclorica-escuela-especial-de-lenguaje-pinares-de-campanario-celebro-fiestas-patrias-2017","status":"publish","type":"post","link":"https:\/\/www.yungayino.cl\/noticias\/?p=18346","title":{"rendered":"Con \u201cFiesta Folcl\u00f3rica\u201d Escuela Especial de Lenguaje Pinares de Campanario Celebr\u00f3 Fiestas Patrias 2017"},"content":{"rendered":"<p><img loading=\"lazy\" decoding=\"async\" class=\"alignnone size-full wp-image-18347\" src=\"http:\/\/www.yungayino.cl\/noticias\/wp-content\/uploads\/2017\/09\/pinares_fiestas_patrias_2017.jpg\" alt=\"\" width=\"700\" height=\"353\" srcset=\"https:\/\/www.yungayino.cl\/noticias\/wp-content\/uploads\/2017\/09\/pinares_fiestas_patrias_2017.jpg 700w, https:\/\/www.yungayino.cl\/noticias\/wp-content\/uploads\/2017\/09\/pinares_fiestas_patrias_2017-300x151.jpg 300w, https:\/\/www.yungayino.cl\/noticias\/wp-content\/uploads\/2017\/09\/pinares_fiestas_patrias_2017-297x150.jpg 297w\" sizes=\"auto, (max-width: 700px) 100vw, 700px\" \/><\/p>\n<p style=\"text-align: justify;\">Campanario, viernes 15 de septiembre 2017: Con una Gran Fiesta \u00a0Folcl\u00f3rica y una destacada participaci\u00f3n de los ni\u00f1os(as), t\u00edas, padres y apoderados, la Escuela Especial de Lenguaje Pinares de Campanario, celebr\u00f3 el inicio de las actividades de las Fiestas Patrias 2017 el d\u00eda de ayer.<\/p>\n<p style=\"text-align: justify;\">La actividad comenz\u00f3 con la interpretaci\u00f3n del Himno Nacional y el izamiento de nuestra bandera. La actividad estuvo encabezada por su Director, Gustavo Fa\u00fandez y cont\u00f3 con la asistencia del alcalde Rafael Cifuentes, los concejales Ricardo Ramos y Patricia Moncada, adem\u00e1s de Padres y Apoderados.<\/p>\n<p style=\"text-align: justify;\"><iframe loading=\"lazy\" style=\"border: none; overflow: hidden;\" src=\"https:\/\/www.facebook.com\/plugins\/post.php?href=https:\/\/www.facebook.com\/media\/set\/?set=a.1819034891444875.1073743132.159561284058919&amp;type=1&amp;l=c0c28b12de&amp;l=a77e327dc6&amp;l=f5951f1994&amp;l=bfecbb8adf&amp;l=687b6bf5da&amp;width=500&amp;show_text=true&amp;height=691&amp;appId\" width=\"500\" height=\"691\" frameborder=\"0\" scrolling=\"no\"><\/iframe><\/p>\n<p style=\"text-align: justify;\">Con un escenario montado para la ocasi\u00f3n los peque\u00f1os realizaron variadas presentaciones art\u00edsticas de poes\u00edas, payas y bailes tradicionales, tambi\u00e9n se destac\u00f3 la participaci\u00f3n de las t\u00edas y apoderados, quienes acompa\u00f1aron y apoyaron en todo momento a los ni\u00f1os(as) para que todo saliera hermoso.<\/p>\n<p style=\"text-align: justify;\">El alcalde <strong>Rafael Cifuentes <\/strong>se\u00f1alo al Equipo del Portal Yungayino.cl, que la actividad estuvo muy hermosa y felicit\u00f3 a todos por la muy buena organizaci\u00f3n y destac\u00f3 el trabajo y participaci\u00f3n en conjunto de los padres y apoderados para mantener estas tradiciones en un aniversario m\u00e1s de nuestra patria, finalmente hizo un llamado a toda la comunidad a participar de las diferentes actividades preparadas por el municipio para Fiestas Patrias, as\u00ed como tambi\u00e9n a ser responsables y cuidarse para evitar accidentes.<\/p>\n<p style=\"text-align: justify;\">Finalmente terminado el acto los presentes compartieron en los diferentes stands instalados para la ocasi\u00f3n donde degustaron de ricas empanadas, sopaipillas, anticuchos, chilenitos, choripanes, mote con huesillos, dulces etc.<\/p>\n<p style=\"text-align: justify;\">[su_button url=\u00bbhttps:\/\/www.facebook.com\/media\/set\/?set=a.1819034891444875.1073743132.159561284058919&amp;type=1&amp;l=c0c28b12de\u00bb target=\u00bbblank\u00bb size=\u00bb7&#8243; radius=\u00bbround\u00bb icon=\u00bbicon: facebook-square\u00bb]FOTOGRAF\u00cdAS &#8211; Con \u201cFiesta Folcl\u00f3rica\u201d Escuela Especial de Lenguaje Pinares de Campanario Celebro Fiestas Patrias 2017[\/su_button]<\/p>\n","protected":false},"excerpt":{"rendered":"<p>Campanario, viernes 15 de septiembre 2017: Con una Gran Fiesta \u00a0Folcl\u00f3rica y una destacada participaci\u00f3n de los ni\u00f1os(as), t\u00edas, padres y apoderados, la Escuela Especial de Lenguaje Pinares de Campanario, celebr\u00f3 el inicio de&#46;&#46;&#46;<\/p>\n","protected":false},"author":2,"featured_media":18347,"comment_status":"open","ping_status":"open","sticky":false,"template":"","format":"standard","meta":{"footnotes":""},"categories":[5,1],"tags":[31,1626,1625,8,6,117],"class_list":["post-18346","post","type-post","status-publish","format-standard","has-post-thumbnail","hentry","category-eventos","category-noticias","tag-campanario","tag-escuela-de-lenguaje","tag-pinares","tag-yungay","tag-yungayino","tag-yungayinocl"],"_links":{"self":[{"href":"https:\/\/www.yungayino.cl\/noticias\/index.php?rest_route=\/wp\/v2\/posts\/18346","targetHints":{"allow":["GET"]}}],"collection":[{"href":"https:\/\/www.yungayino.cl\/noticias\/index.php?rest_route=\/wp\/v2\/posts"}],"about":[{"href":"https:\/\/www.yungayino.cl\/noticias\/index.php?rest_route=\/wp\/v2\/types\/post"}],"author":[{"embeddable":true,"href":"https:\/\/www.yungayino.cl\/noticias\/index.php?rest_route=\/wp\/v2\/users\/2"}],"replies":[{"embeddable":true,"href":"https:\/\/www.yungayino.cl\/noticias\/index.php?rest_route=%2Fwp%2Fv2%2Fcomments&post=18346"}],"version-history":[{"count":2,"href":"https:\/\/www.yungayino.cl\/noticias\/index.php?rest_route=\/wp\/v2\/posts\/18346\/revisions"}],"predecessor-version":[{"id":18349,"href":"https:\/\/www.yungayino.cl\/noticias\/index.php?rest_route=\/wp\/v2\/posts\/18346\/revisions\/18349"}],"wp:featuredmedia":[{"embeddable":true,"href":"https:\/\/www.yungayino.cl\/noticias\/index.php?rest_route=\/wp\/v2\/media\/18347"}],"wp:attachment":[{"href":"https:\/\/www.yungayino.cl\/noticias\/index.php?rest_route=%2Fwp%2Fv2%2Fmedia&parent=18346"}],"wp:term":[{"taxonomy":"category","embeddable":true,"href":"https:\/\/www.yungayino.cl\/noticias\/index.php?rest_route=%2Fwp%2Fv2%2Fcategories&post=18346"},{"taxonomy":"post_tag","embeddable":true,"href":"https:\/\/www.yungayino.cl\/noticias\/index.php?rest_route=%2Fwp%2Fv2%2Ftags&post=18346"}],"curies":[{"name":"wp","href":"https:\/\/api.w.org\/{rel}","templated":true}]}}