{"id":18357,"date":"2017-09-15T16:00:09","date_gmt":"2017-09-15T19:00:09","guid":{"rendered":"http:\/\/www.yungayino.cl\/noticias\/?p=18357"},"modified":"2017-09-15T18:51:32","modified_gmt":"2017-09-15T21:51:32","slug":"jardin-infantil-rayo-de-luna-de-yungay-celebro-fiestas-patrias-2017","status":"publish","type":"post","link":"https:\/\/www.yungayino.cl\/noticias\/?p=18357","title":{"rendered":"Jard\u00edn Infantil \u201cRayo de Luna\u201d de Yungay Celebr\u00f3 Fiestas Patrias 2017"},"content":{"rendered":"<p><img loading=\"lazy\" decoding=\"async\" class=\"alignnone size-full wp-image-18358\" src=\"http:\/\/www.yungayino.cl\/noticias\/wp-content\/uploads\/2017\/09\/jardin_rayo_luna_201709.jpg\" alt=\"\" width=\"700\" height=\"349\" srcset=\"https:\/\/www.yungayino.cl\/noticias\/wp-content\/uploads\/2017\/09\/jardin_rayo_luna_201709.jpg 700w, https:\/\/www.yungayino.cl\/noticias\/wp-content\/uploads\/2017\/09\/jardin_rayo_luna_201709-300x150.jpg 300w, https:\/\/www.yungayino.cl\/noticias\/wp-content\/uploads\/2017\/09\/jardin_rayo_luna_201709-301x150.jpg 301w\" sizes=\"auto, (max-width: 700px) 100vw, 700px\" \/><\/p>\n<p style=\"text-align: justify;\">Yungay, viernes 15 de septiembre 2017: Con la participaci\u00f3n de los ni\u00f1os(as), t\u00edas, padres y apoderados, el Jard\u00edn Infantil \u201cRayo de Luna\u201d celebr\u00f3 Fiestas Patrias 2017.<\/p>\n<p style=\"text-align: justify;\"><iframe loading=\"lazy\" style=\"border: none; overflow: hidden;\" src=\"https:\/\/www.facebook.com\/plugins\/post.php?href=https:\/\/www.facebook.com\/media\/set\/?set=a.1819072178107813.1073743134.159561284058919&amp;type=1&amp;l=be950c5281&amp;l=a77e327dc6&amp;l=f5951f1994&amp;l=bfecbb8adf&amp;l=687b6bf5da&amp;width=500&amp;show_text=true&amp;height=691&amp;appId\" width=\"500\" height=\"691\" frameborder=\"0\" scrolling=\"no\"><\/iframe><\/p>\n<p style=\"text-align: justify;\">Ayer desarrollaron diversas actividades con motivo de celebrar un a\u00f1o m\u00e1s nuestro aniversario patrio.<\/p>\n<p style=\"text-align: justify;\">La jornada que se inici\u00f3 a\u00a0 partir de las 14:30 horas en el frontis del jard\u00edn, donde se decor\u00f3 un hermoso escenario para que los peque\u00f1os lucieran sus trajes t\u00edpicos, adem\u00e1s de realizar presentaciones art\u00edsticas, las cuales fueron disfrutadas con mucho entusiasmo por el p\u00fablico presente.<\/p>\n<p style=\"text-align: justify;\">[su_button url=\u00bbhttps:\/\/www.facebook.com\/media\/set\/?set=a.1819072178107813.1073743134.159561284058919&amp;type=1&amp;l=be950c5281&#8243; target=\u00bbblank\u00bb size=\u00bb7&#8243; radius=\u00bbround\u00bb icon=\u00bbicon: facebook-square\u00bb]FOTOGRAF\u00cdAS &#8211; Jard\u00edn Infantil \u201cRayo de Luna\u201d de Yungay Celebr\u00f3 Fiestas Patrias 2017[\/su_button]<\/p>\n","protected":false},"excerpt":{"rendered":"<p>Yungay, viernes 15 de septiembre 2017: Con la participaci\u00f3n de los ni\u00f1os(as), t\u00edas, padres y apoderados, el Jard\u00edn Infantil \u201cRayo de Luna\u201d celebr\u00f3 Fiestas Patrias 2017. Ayer desarrollaron diversas actividades con motivo de celebrar&#46;&#46;&#46;<\/p>\n","protected":false},"author":2,"featured_media":18358,"comment_status":"open","ping_status":"open","sticky":false,"template":"","format":"standard","meta":{"footnotes":""},"categories":[5,1],"tags":[698,1115,8,6,117],"class_list":["post-18357","post","type-post","status-publish","format-standard","has-post-thumbnail","hentry","category-eventos","category-noticias","tag-jardin-rayo-de-luna","tag-noticias","tag-yungay","tag-yungayino","tag-yungayinocl"],"_links":{"self":[{"href":"https:\/\/www.yungayino.cl\/noticias\/index.php?rest_route=\/wp\/v2\/posts\/18357","targetHints":{"allow":["GET"]}}],"collection":[{"href":"https:\/\/www.yungayino.cl\/noticias\/index.php?rest_route=\/wp\/v2\/posts"}],"about":[{"href":"https:\/\/www.yungayino.cl\/noticias\/index.php?rest_route=\/wp\/v2\/types\/post"}],"author":[{"embeddable":true,"href":"https:\/\/www.yungayino.cl\/noticias\/index.php?rest_route=\/wp\/v2\/users\/2"}],"replies":[{"embeddable":true,"href":"https:\/\/www.yungayino.cl\/noticias\/index.php?rest_route=%2Fwp%2Fv2%2Fcomments&post=18357"}],"version-history":[{"count":2,"href":"https:\/\/www.yungayino.cl\/noticias\/index.php?rest_route=\/wp\/v2\/posts\/18357\/revisions"}],"predecessor-version":[{"id":18360,"href":"https:\/\/www.yungayino.cl\/noticias\/index.php?rest_route=\/wp\/v2\/posts\/18357\/revisions\/18360"}],"wp:featuredmedia":[{"embeddable":true,"href":"https:\/\/www.yungayino.cl\/noticias\/index.php?rest_route=\/wp\/v2\/media\/18358"}],"wp:attachment":[{"href":"https:\/\/www.yungayino.cl\/noticias\/index.php?rest_route=%2Fwp%2Fv2%2Fmedia&parent=18357"}],"wp:term":[{"taxonomy":"category","embeddable":true,"href":"https:\/\/www.yungayino.cl\/noticias\/index.php?rest_route=%2Fwp%2Fv2%2Fcategories&post=18357"},{"taxonomy":"post_tag","embeddable":true,"href":"https:\/\/www.yungayino.cl\/noticias\/index.php?rest_route=%2Fwp%2Fv2%2Ftags&post=18357"}],"curies":[{"name":"wp","href":"https:\/\/api.w.org\/{rel}","templated":true}]}}