{"id":18365,"date":"2017-09-16T10:00:05","date_gmt":"2017-09-16T13:00:05","guid":{"rendered":"http:\/\/www.yungayino.cl\/noticias\/?p=18365"},"modified":"2017-09-16T14:02:18","modified_gmt":"2017-09-16T17:02:18","slug":"frontel-llama-a-celebrar-con-prudencia-en-fiestas-patrias-para-evitar-accidentes-en-el-tendido-electrico","status":"publish","type":"post","link":"https:\/\/www.yungayino.cl\/noticias\/?p=18365","title":{"rendered":"Frontel Llama a Celebrar con Prudencia en Fiestas Patrias para Evitar Accidentes en el Tendido El\u00e9ctrico"},"content":{"rendered":"<p><img loading=\"lazy\" decoding=\"async\" class=\"alignnone size-full wp-image-18366\" src=\"http:\/\/www.yungayino.cl\/noticias\/wp-content\/uploads\/2017\/09\/frontel_201709.jpg\" alt=\"\" width=\"700\" height=\"113\" srcset=\"https:\/\/www.yungayino.cl\/noticias\/wp-content\/uploads\/2017\/09\/frontel_201709.jpg 700w, https:\/\/www.yungayino.cl\/noticias\/wp-content\/uploads\/2017\/09\/frontel_201709-300x48.jpg 300w, https:\/\/www.yungayino.cl\/noticias\/wp-content\/uploads\/2017\/09\/frontel_201709-580x94.jpg 580w\" sizes=\"auto, (max-width: 700px) 100vw, 700px\" \/><\/p>\n<p style=\"text-align: justify;\">Yungay, s\u00e1bado 16 de septiembre 2017: Frontel realiz\u00f3 un llamado a la comunidad a celebrar Fiestas Patrias con tranquilidad pues los equipos de emergencia se encuentran disponibles para enfrentar cualquier eventualidad en el servicio el\u00e9ctrico.<\/p>\n<p style=\"text-align: justify;\">El llamado lo realiz\u00f3 Fernando Caire, Gerente Zonal de Frontel, quien manifest\u00f3 que \u201cesperamos no tener interrupciones de suministro a ra\u00edz de accidentes en el tendido, por eso reiteramos el llamado a celebrar con seguridad y prudencia\u201d.<\/p>\n<p style=\"text-align: justify;\">En relaci\u00f3n a postes chocados, el ejecutivo explic\u00f3 que en 2016 se registr\u00f3 un total de 187 accidentes de este tipo afectando a 201 mil clientes aproximadamente, y en lo que va corrido de este a\u00f1o se registra un total de 181 choques a estructuras afectando a casi 175 mil usuarios.<\/p>\n<p style=\"text-align: justify;\">En cuanto a accidentes relacionados con volantines el ejecutivo se\u00f1al\u00f3 que afortunadamente no son muy comunes, \u201cPorque las personas saben el riesgo que conlleva encumbrar volantines en zonas donde est\u00e1 presente el tendido el\u00e9ctrico. Sin embargo reiteramos que jam\u00e1s se debe rescatar un volant\u00edn atrapado en las l\u00edneas el\u00e9ctricas y si hay cables cortados o en el suelo siempre avisarnos para evitar accidentes\u201d.<\/p>\n<p style=\"text-align: justify;\">Respecto a las fondas y ramadas, el ejecutivo invit\u00f3 a quienes las organizan a tener conexiones seguras para evitar fallas en el suministro por sobrecarga o accidentes por electrocuci\u00f3n al tener instalaciones defectuosas, \u201cpor lo tanto es importante que todos sus tr\u00e1mites el\u00e9ctricos lo hagan con un instalador certificado por la SEC\u201d, resalt\u00f3.<\/p>\n<p style=\"text-align: justify;\">Por \u00faltimo Frontel recuerda que ante cualquier emergencia, es importante informarlo a trav\u00e9s de sus canales de contacto: call center 600 401 2021; la opci\u00f3n mensaje de texto gratuito al 4021 enviando la palabra Luz y N\u00famero de Cliente, y su cuenta de twitter@frontel<\/p>\n","protected":false},"excerpt":{"rendered":"<p>Yungay, s\u00e1bado 16 de septiembre 2017: Frontel realiz\u00f3 un llamado a la comunidad a celebrar Fiestas Patrias con tranquilidad pues los equipos de emergencia se encuentran disponibles para enfrentar cualquier eventualidad en el servicio&#46;&#46;&#46;<\/p>\n","protected":false},"author":2,"featured_media":18366,"comment_status":"open","ping_status":"open","sticky":false,"template":"","format":"standard","meta":{"footnotes":""},"categories":[1,32],"tags":[1094,1115,8,6,117],"class_list":["post-18365","post","type-post","status-publish","format-standard","has-post-thumbnail","hentry","category-noticias","category-servicios","tag-frontel","tag-noticias","tag-yungay","tag-yungayino","tag-yungayinocl"],"_links":{"self":[{"href":"https:\/\/www.yungayino.cl\/noticias\/index.php?rest_route=\/wp\/v2\/posts\/18365","targetHints":{"allow":["GET"]}}],"collection":[{"href":"https:\/\/www.yungayino.cl\/noticias\/index.php?rest_route=\/wp\/v2\/posts"}],"about":[{"href":"https:\/\/www.yungayino.cl\/noticias\/index.php?rest_route=\/wp\/v2\/types\/post"}],"author":[{"embeddable":true,"href":"https:\/\/www.yungayino.cl\/noticias\/index.php?rest_route=\/wp\/v2\/users\/2"}],"replies":[{"embeddable":true,"href":"https:\/\/www.yungayino.cl\/noticias\/index.php?rest_route=%2Fwp%2Fv2%2Fcomments&post=18365"}],"version-history":[{"count":1,"href":"https:\/\/www.yungayino.cl\/noticias\/index.php?rest_route=\/wp\/v2\/posts\/18365\/revisions"}],"predecessor-version":[{"id":18367,"href":"https:\/\/www.yungayino.cl\/noticias\/index.php?rest_route=\/wp\/v2\/posts\/18365\/revisions\/18367"}],"wp:featuredmedia":[{"embeddable":true,"href":"https:\/\/www.yungayino.cl\/noticias\/index.php?rest_route=\/wp\/v2\/media\/18366"}],"wp:attachment":[{"href":"https:\/\/www.yungayino.cl\/noticias\/index.php?rest_route=%2Fwp%2Fv2%2Fmedia&parent=18365"}],"wp:term":[{"taxonomy":"category","embeddable":true,"href":"https:\/\/www.yungayino.cl\/noticias\/index.php?rest_route=%2Fwp%2Fv2%2Fcategories&post=18365"},{"taxonomy":"post_tag","embeddable":true,"href":"https:\/\/www.yungayino.cl\/noticias\/index.php?rest_route=%2Fwp%2Fv2%2Ftags&post=18365"}],"curies":[{"name":"wp","href":"https:\/\/api.w.org\/{rel}","templated":true}]}}