{"id":18368,"date":"2017-09-16T11:00:22","date_gmt":"2017-09-16T14:00:22","guid":{"rendered":"http:\/\/www.yungayino.cl\/noticias\/?p=18368"},"modified":"2017-09-16T14:08:17","modified_gmt":"2017-09-16T17:08:17","slug":"carabineros-y-ramaderos-de-yungay-coordinaron-acciones-de-seguridad-para-fiestas-patrias-2017","status":"publish","type":"post","link":"https:\/\/www.yungayino.cl\/noticias\/?p=18368","title":{"rendered":"Carabineros y Ramaderos de Yungay Coordinaron Acciones de Seguridad para Fiestas Patrias 2017"},"content":{"rendered":"<p><img loading=\"lazy\" decoding=\"async\" class=\"alignnone size-full wp-image-18369\" src=\"http:\/\/www.yungayino.cl\/noticias\/wp-content\/uploads\/2017\/09\/ramaderos_201709.jpg\" alt=\"\" width=\"700\" height=\"350\" srcset=\"https:\/\/www.yungayino.cl\/noticias\/wp-content\/uploads\/2017\/09\/ramaderos_201709.jpg 700w, https:\/\/www.yungayino.cl\/noticias\/wp-content\/uploads\/2017\/09\/ramaderos_201709-300x150.jpg 300w\" sizes=\"auto, (max-width: 700px) 100vw, 700px\" \/><\/p>\n<p style=\"text-align: justify;\">Yungay, s\u00e1bado 16 de septiembre 2017: Carabineros de la Cuarta Comisaria de Yungay y los locatarios de ramadas, puestos de chicha, cociner\u00edas y juegos se reunieron en terreno para coordinar acciones destinadas al buen desarrollo de las festividades en el lugar para estas Fiestas Patrias 2017.<\/p>\n<p style=\"text-align: justify;\"><iframe loading=\"lazy\" style=\"border: none; overflow: hidden;\" src=\"https:\/\/www.facebook.com\/plugins\/post.php?href=https:\/\/www.facebook.com\/media\/set\/?set=a.1819865758028455.1073743136.159561284058919&amp;type=1&amp;l=e7dd2c2397&amp;l=a77e327dc6&amp;l=f5951f1994&amp;l=bfecbb8adf&amp;l=687b6bf5da&amp;width=500&amp;show_text=true&amp;height=691&amp;appId\" width=\"500\" height=\"691\" frameborder=\"0\" scrolling=\"no\"><\/iframe><\/p>\n<p style=\"text-align: justify;\">La reuni\u00f3n de coordinaci\u00f3n fue liderada por el Suboficial Mayor, Juan Carlos Espinoza, Encargado de la Oficina de Asuntos Comunitarios, quien hizo entrega de las directrices en seguridad y lineamientos para que las celebraciones se desarrollen con normalidad y la comunidad pueda disfrutar tranquila y segura estas Fiestas Patrias.<\/p>\n<p style=\"text-align: justify;\">Finalmente el Suboficial Mayor, Juan Carlos Espinoza se\u00f1alo al Equipo del Portal Yungayino.cl, que tambi\u00e9n en la oportunidad se cont\u00f3 con el apoyo de Bomberos para instruir a los locatarios en el uso de extintor y de la entrega de autoadhesivos proporcionados por la Asociaci\u00f3n Chilena de Seguridad, ACHS.<\/p>\n<p style=\"text-align: justify;\">[su_button url=\u00bbhttps:\/\/www.facebook.com\/media\/set\/?set=a.1819865758028455.1073743136.159561284058919&amp;type=1&amp;l=e7dd2c2397&#8243; target=\u00bbblank\u00bb size=\u00bb7&#8243; radius=\u00bbround\u00bb icon=\u00bbicon: facebook-square\u00bb]FOTOGRAF\u00cdAS &#8211; Carabineros y Ramaderos de Yungay Coordinaron Acciones de Seguridad para Fiestas Patrias 2017[\/su_button]<\/p>\n","protected":false},"excerpt":{"rendered":"<p>Yungay, s\u00e1bado 16 de septiembre 2017: Carabineros de la Cuarta Comisaria de Yungay y los locatarios de ramadas, puestos de chicha, cociner\u00edas y juegos se reunieron en terreno para coordinar acciones destinadas al buen&#46;&#46;&#46;<\/p>\n","protected":false},"author":2,"featured_media":18369,"comment_status":"open","ping_status":"open","sticky":false,"template":"","format":"standard","meta":{"footnotes":""},"categories":[1],"tags":[25,528,1115,1144,8,6,117],"class_list":["post-18368","post","type-post","status-publish","format-standard","has-post-thumbnail","hentry","category-noticias","tag-carabineros","tag-fiestas-patrias","tag-noticias","tag-ramaderos","tag-yungay","tag-yungayino","tag-yungayinocl"],"_links":{"self":[{"href":"https:\/\/www.yungayino.cl\/noticias\/index.php?rest_route=\/wp\/v2\/posts\/18368","targetHints":{"allow":["GET"]}}],"collection":[{"href":"https:\/\/www.yungayino.cl\/noticias\/index.php?rest_route=\/wp\/v2\/posts"}],"about":[{"href":"https:\/\/www.yungayino.cl\/noticias\/index.php?rest_route=\/wp\/v2\/types\/post"}],"author":[{"embeddable":true,"href":"https:\/\/www.yungayino.cl\/noticias\/index.php?rest_route=\/wp\/v2\/users\/2"}],"replies":[{"embeddable":true,"href":"https:\/\/www.yungayino.cl\/noticias\/index.php?rest_route=%2Fwp%2Fv2%2Fcomments&post=18368"}],"version-history":[{"count":1,"href":"https:\/\/www.yungayino.cl\/noticias\/index.php?rest_route=\/wp\/v2\/posts\/18368\/revisions"}],"predecessor-version":[{"id":18370,"href":"https:\/\/www.yungayino.cl\/noticias\/index.php?rest_route=\/wp\/v2\/posts\/18368\/revisions\/18370"}],"wp:featuredmedia":[{"embeddable":true,"href":"https:\/\/www.yungayino.cl\/noticias\/index.php?rest_route=\/wp\/v2\/media\/18369"}],"wp:attachment":[{"href":"https:\/\/www.yungayino.cl\/noticias\/index.php?rest_route=%2Fwp%2Fv2%2Fmedia&parent=18368"}],"wp:term":[{"taxonomy":"category","embeddable":true,"href":"https:\/\/www.yungayino.cl\/noticias\/index.php?rest_route=%2Fwp%2Fv2%2Fcategories&post=18368"},{"taxonomy":"post_tag","embeddable":true,"href":"https:\/\/www.yungayino.cl\/noticias\/index.php?rest_route=%2Fwp%2Fv2%2Ftags&post=18368"}],"curies":[{"name":"wp","href":"https:\/\/api.w.org\/{rel}","templated":true}]}}