{"id":18371,"date":"2017-09-16T13:00:40","date_gmt":"2017-09-16T16:00:40","guid":{"rendered":"http:\/\/www.yungayino.cl\/noticias\/?p=18371"},"modified":"2017-09-16T14:13:51","modified_gmt":"2017-09-16T17:13:51","slug":"junta-de-vecinos-no1-la-concepcion-de-yungay-inaugura-area-verde","status":"publish","type":"post","link":"https:\/\/www.yungayino.cl\/noticias\/?p=18371","title":{"rendered":"Junta de Vecinos N\u00ba1 La Concepci\u00f3n de Yungay Inaugura \u00c1rea Verde"},"content":{"rendered":"<p><img loading=\"lazy\" decoding=\"async\" class=\"alignnone size-full wp-image-18372\" src=\"http:\/\/www.yungayino.cl\/noticias\/wp-content\/uploads\/2017\/09\/poblacion_la_concepcion_area_verde.jpg\" alt=\"\" width=\"700\" height=\"351\" srcset=\"https:\/\/www.yungayino.cl\/noticias\/wp-content\/uploads\/2017\/09\/poblacion_la_concepcion_area_verde.jpg 700w, https:\/\/www.yungayino.cl\/noticias\/wp-content\/uploads\/2017\/09\/poblacion_la_concepcion_area_verde-300x150.jpg 300w, https:\/\/www.yungayino.cl\/noticias\/wp-content\/uploads\/2017\/09\/poblacion_la_concepcion_area_verde-299x150.jpg 299w\" sizes=\"auto, (max-width: 700px) 100vw, 700px\" \/><\/p>\n<p style=\"text-align: justify;\">Yungay, s\u00e1bado 16 de septiembre 2017: La Junta de Vecinos N\u00ba1 La Concepci\u00f3n de Yungay inauguro \u00c1rea Verde, que contempla el Rinc\u00f3n Educativo de \u00e1rboles nativos y plantas medicinales denominado <strong>\u201cRay\u00fan\u201d<\/strong> que en Lengua Mapudungun significa, \u201dFlorecer\u201d.<\/p>\n<p style=\"text-align: justify;\"><iframe loading=\"lazy\" style=\"border: none; overflow: hidden;\" src=\"https:\/\/www.facebook.com\/plugins\/post.php?href=https:\/\/www.facebook.com\/media\/set\/?set=a.1819871351361229.1073743137.159561284058919&amp;type=1&amp;l=6c16f5f981&amp;l=a77e327dc6&amp;l=f5951f1994&amp;l=bfecbb8adf&amp;l=687b6bf5da&amp;width=500&amp;show_text=true&amp;height=691&amp;appId\" width=\"500\" height=\"691\" frameborder=\"0\" scrolling=\"no\"><\/iframe><\/p>\n<p style=\"text-align: justify;\">La actividad se inici\u00f3 con la interpretaci\u00f3n del Himno Nacional y cont\u00f3 con la asistencia del alcalde Rafael Cifuentes, Concejales, el Director del Hospital, Jos\u00e9 Jara Pardo, Representantes de Carabineros, Gendarmer\u00eda, Trabajadores de la Empresa L y V y Vecinos del Sector.<\/p>\n<p style=\"text-align: justify;\">Destacar que esta importante iniciativa fue ejecutada con el apoyo de la Empresa y Sindicato de Trabajadores de L y V, la Junta de Vecinos y el Municipio Yungayino con el objetivo de recuperar un espacio en desuso y la preocupaci\u00f3n por el Medio Ambiente, pensando en la participaci\u00f3n de la comunidad y en el legado para el futuro de los ni\u00f1o(as), quienes deber\u00e1n comprometerse en cuidar este hermoso Rinc\u00f3n Educativo.<\/p>\n<p style=\"text-align: justify;\">En la ocasi\u00f3n tambi\u00e9n se hicieron entrega de reconocimiento a personas que de una u otra manera colaboraron para concretar este hermoso proyecto, el cual se dio por inaugurado con el tradicional corte de cinta.<\/p>\n<p style=\"text-align: justify;\">[su_button url=\u00bbhttps:\/\/www.facebook.com\/media\/set\/?set=a.1819871351361229.1073743137.159561284058919&amp;type=1&amp;l=6c16f5f981&#8243; target=\u00bbblank\u00bb size=\u00bb7&#8243; radius=\u00bbround\u00bb icon=\u00bbicon: facebook-square\u00bb]FOTOGRAF\u00cdAS &#8211; Junta de Vecinos N\u00ba1 La Concepci\u00f3n de Yungay Inaugura \u00c1rea Verde[\/su_button]<\/p>\n","protected":false},"excerpt":{"rendered":"<p>Yungay, s\u00e1bado 16 de septiembre 2017: La Junta de Vecinos N\u00ba1 La Concepci\u00f3n de Yungay inauguro \u00c1rea Verde, que contempla el Rinc\u00f3n Educativo de \u00e1rboles nativos y plantas medicinales denominado \u201cRay\u00fan\u201d que en Lengua&#46;&#46;&#46;<\/p>\n","protected":false},"author":2,"featured_media":18372,"comment_status":"open","ping_status":"open","sticky":false,"template":"","format":"standard","meta":{"footnotes":""},"categories":[1,32],"tags":[1628,1115,135,8,6,117],"class_list":["post-18371","post","type-post","status-publish","format-standard","has-post-thumbnail","hentry","category-noticias","category-servicios","tag-area-verde","tag-noticias","tag-poblacion-la-concepcion","tag-yungay","tag-yungayino","tag-yungayinocl"],"_links":{"self":[{"href":"https:\/\/www.yungayino.cl\/noticias\/index.php?rest_route=\/wp\/v2\/posts\/18371","targetHints":{"allow":["GET"]}}],"collection":[{"href":"https:\/\/www.yungayino.cl\/noticias\/index.php?rest_route=\/wp\/v2\/posts"}],"about":[{"href":"https:\/\/www.yungayino.cl\/noticias\/index.php?rest_route=\/wp\/v2\/types\/post"}],"author":[{"embeddable":true,"href":"https:\/\/www.yungayino.cl\/noticias\/index.php?rest_route=\/wp\/v2\/users\/2"}],"replies":[{"embeddable":true,"href":"https:\/\/www.yungayino.cl\/noticias\/index.php?rest_route=%2Fwp%2Fv2%2Fcomments&post=18371"}],"version-history":[{"count":3,"href":"https:\/\/www.yungayino.cl\/noticias\/index.php?rest_route=\/wp\/v2\/posts\/18371\/revisions"}],"predecessor-version":[{"id":18375,"href":"https:\/\/www.yungayino.cl\/noticias\/index.php?rest_route=\/wp\/v2\/posts\/18371\/revisions\/18375"}],"wp:featuredmedia":[{"embeddable":true,"href":"https:\/\/www.yungayino.cl\/noticias\/index.php?rest_route=\/wp\/v2\/media\/18372"}],"wp:attachment":[{"href":"https:\/\/www.yungayino.cl\/noticias\/index.php?rest_route=%2Fwp%2Fv2%2Fmedia&parent=18371"}],"wp:term":[{"taxonomy":"category","embeddable":true,"href":"https:\/\/www.yungayino.cl\/noticias\/index.php?rest_route=%2Fwp%2Fv2%2Fcategories&post=18371"},{"taxonomy":"post_tag","embeddable":true,"href":"https:\/\/www.yungayino.cl\/noticias\/index.php?rest_route=%2Fwp%2Fv2%2Ftags&post=18371"}],"curies":[{"name":"wp","href":"https:\/\/api.w.org\/{rel}","templated":true}]}}