{"id":18386,"date":"2017-09-18T23:30:58","date_gmt":"2017-09-19T02:30:58","guid":{"rendered":"http:\/\/www.yungayino.cl\/noticias\/?p=18386"},"modified":"2017-09-19T15:13:39","modified_gmt":"2017-09-19T18:13:39","slug":"comunidad-de-campanario-participo-de-misa-acto-desfile-y-vino-de-honor-en-fiestas-patrias-2017","status":"publish","type":"post","link":"https:\/\/www.yungayino.cl\/noticias\/?p=18386","title":{"rendered":"Comunidad de Campanario Particip\u00f3 de Misa, Acto, Desfile y Vino de Honor en Fiestas Patrias 2017"},"content":{"rendered":"<p><img loading=\"lazy\" decoding=\"async\" class=\"alignnone size-full wp-image-18387\" src=\"http:\/\/www.yungayino.cl\/noticias\/wp-content\/uploads\/2017\/09\/desfile_campanario_201709.jpg\" alt=\"\" width=\"700\" height=\"353\" srcset=\"https:\/\/www.yungayino.cl\/noticias\/wp-content\/uploads\/2017\/09\/desfile_campanario_201709.jpg 700w, https:\/\/www.yungayino.cl\/noticias\/wp-content\/uploads\/2017\/09\/desfile_campanario_201709-300x151.jpg 300w, https:\/\/www.yungayino.cl\/noticias\/wp-content\/uploads\/2017\/09\/desfile_campanario_201709-297x150.jpg 297w\" sizes=\"auto, (max-width: 700px) 100vw, 700px\" \/><\/p>\n<p style=\"text-align: justify;\">Campanario, septiembre 2017: Con una muy buena asistencia la comunidad de Campanario particip\u00f3 activamente del Acto C\u00edvico y Desfile, en homenaje a un nuevo aniversario de la Independencia de Chile.<\/p>\n<p style=\"text-align: justify;\"><iframe loading=\"lazy\" style=\"border: none; overflow: hidden;\" src=\"https:\/\/www.facebook.com\/plugins\/post.php?href=https:\/\/www.facebook.com\/media\/set\/?set=a.1822737841074580.1073743140.159561284058919&amp;type=1&amp;l=29f952b342&amp;l=a77e327dc6&amp;l=f5951f1994&amp;l=bfecbb8adf&amp;l=687b6bf5da&amp;width=500&amp;show_text=true&amp;height=691&amp;appId\" width=\"500\" height=\"691\" frameborder=\"0\" scrolling=\"no\"><\/iframe><\/p>\n<p style=\"text-align: justify;\">La jornada se inici\u00f3 a las 10:00 horas con la Tradicional Misa de Acci\u00f3n de Gracias, el cual se llev\u00f3 a cabo en la Capilla San Jos\u00e9, para luego ver el recorrido por las calles de la Banda Escolar de Guerra de Yungay y posicionarse frente al Gimnasio de Campanario, donde esperaban cientos de asistentes para disfrutar del acto c\u00edvico y desfile.<\/p>\n<p style=\"text-align: justify;\">La jornada estuvo encabezada por el alcalde Rafael Cifuentes Rodr\u00edguez, qui\u00e9n en compa\u00f1\u00eda del Concejo Municipal, autoridades locales e invitados especiales vieron como las agrupaciones de Adultos Mayores, Clubes Deportivos, Unidades Educativas, Bomberos, Funcionarios P\u00fablico y Clubes de Huasos, entre otras organizaciones desfilaron de manera impecable a los sones de la Banda de Guerra de Yungay.<\/p>\n<p style=\"text-align: justify;\">Finalmente terminado el acto y desfile las autoridades y p\u00fablico se trasladaron al Gimnasio Multiuso para realizar el tradicional vino de honor.<\/p>\n<p style=\"text-align: justify;\">[su_button url=\u00bbhttps:\/\/www.facebook.com\/media\/set\/?set=a.1822737841074580.1073743140.159561284058919&amp;type=1&amp;l=29f952b342&#8243; target=\u00bbblank\u00bb size=\u00bb7&#8243; radius=\u00bbround\u00bb icon=\u00bbicon: facebook-square\u00bb]FOTOGRAF\u00cdAS &#8211; Comunidad de Campanario Particip\u00f3 de Misa, Acto, Desfile y Vino de Honor en Fiestas Patrias 2017[\/su_button]<\/p>\n","protected":false},"excerpt":{"rendered":"<p>Campanario, septiembre 2017: Con una muy buena asistencia la comunidad de Campanario particip\u00f3 activamente del Acto C\u00edvico y Desfile, en homenaje a un nuevo aniversario de la Independencia de Chile. La jornada se inici\u00f3&#46;&#46;&#46;<\/p>\n","protected":false},"author":2,"featured_media":18387,"comment_status":"open","ping_status":"open","sticky":false,"template":"","format":"standard","meta":{"footnotes":""},"categories":[5,1],"tags":[31,454,1629,1115,8,6,117],"class_list":["post-18386","post","type-post","status-publish","format-standard","has-post-thumbnail","hentry","category-eventos","category-noticias","tag-campanario","tag-desfile","tag-fiestas-patrias-2017","tag-noticias","tag-yungay","tag-yungayino","tag-yungayinocl"],"_links":{"self":[{"href":"https:\/\/www.yungayino.cl\/noticias\/index.php?rest_route=\/wp\/v2\/posts\/18386","targetHints":{"allow":["GET"]}}],"collection":[{"href":"https:\/\/www.yungayino.cl\/noticias\/index.php?rest_route=\/wp\/v2\/posts"}],"about":[{"href":"https:\/\/www.yungayino.cl\/noticias\/index.php?rest_route=\/wp\/v2\/types\/post"}],"author":[{"embeddable":true,"href":"https:\/\/www.yungayino.cl\/noticias\/index.php?rest_route=\/wp\/v2\/users\/2"}],"replies":[{"embeddable":true,"href":"https:\/\/www.yungayino.cl\/noticias\/index.php?rest_route=%2Fwp%2Fv2%2Fcomments&post=18386"}],"version-history":[{"count":2,"href":"https:\/\/www.yungayino.cl\/noticias\/index.php?rest_route=\/wp\/v2\/posts\/18386\/revisions"}],"predecessor-version":[{"id":18389,"href":"https:\/\/www.yungayino.cl\/noticias\/index.php?rest_route=\/wp\/v2\/posts\/18386\/revisions\/18389"}],"wp:featuredmedia":[{"embeddable":true,"href":"https:\/\/www.yungayino.cl\/noticias\/index.php?rest_route=\/wp\/v2\/media\/18387"}],"wp:attachment":[{"href":"https:\/\/www.yungayino.cl\/noticias\/index.php?rest_route=%2Fwp%2Fv2%2Fmedia&parent=18386"}],"wp:term":[{"taxonomy":"category","embeddable":true,"href":"https:\/\/www.yungayino.cl\/noticias\/index.php?rest_route=%2Fwp%2Fv2%2Fcategories&post=18386"},{"taxonomy":"post_tag","embeddable":true,"href":"https:\/\/www.yungayino.cl\/noticias\/index.php?rest_route=%2Fwp%2Fv2%2Ftags&post=18386"}],"curies":[{"name":"wp","href":"https:\/\/api.w.org\/{rel}","templated":true}]}}