{"id":18391,"date":"2017-09-19T23:45:13","date_gmt":"2017-09-20T02:45:13","guid":{"rendered":"http:\/\/www.yungayino.cl\/noticias\/?p=18391"},"modified":"2017-09-20T14:16:44","modified_gmt":"2017-09-20T17:16:44","slug":"desfile-de-fiestas-patrias-2017-en-yungay","status":"publish","type":"post","link":"https:\/\/www.yungayino.cl\/noticias\/?p=18391","title":{"rendered":"Desfile de Fiestas Patrias 2017 en Yungay"},"content":{"rendered":"<p><img loading=\"lazy\" decoding=\"async\" class=\"alignnone size-full wp-image-18392\" src=\"http:\/\/www.yungayino.cl\/noticias\/wp-content\/uploads\/2017\/09\/desfile_18_septiembre_2017.jpg\" alt=\"\" width=\"700\" height=\"351\" srcset=\"https:\/\/www.yungayino.cl\/noticias\/wp-content\/uploads\/2017\/09\/desfile_18_septiembre_2017.jpg 700w, https:\/\/www.yungayino.cl\/noticias\/wp-content\/uploads\/2017\/09\/desfile_18_septiembre_2017-300x150.jpg 300w, https:\/\/www.yungayino.cl\/noticias\/wp-content\/uploads\/2017\/09\/desfile_18_septiembre_2017-299x150.jpg 299w\" sizes=\"auto, (max-width: 700px) 100vw, 700px\" \/><\/p>\n<p style=\"text-align: justify;\">Yungay, martes 19 de septiembre 2017: La comuna de Yungay salud\u00f3 a la Patria este lunes 18 con Liturgia, Acto, Desfile y el Vino de Honor y as\u00ed celebrar los 207 a\u00f1os de la realizaci\u00f3n de la Primera Junta Nacional de Gobierno.<\/p>\n<p style=\"text-align: justify;\"><strong>Acto y Desfile:<\/strong><\/p>\n<p style=\"text-align: justify;\">La ceremonia del acto y desfile de Fiestas Patrias cont\u00f3 con la asistencia del alcalde, Rafael Cifuentes Rodr\u00edguez, concejales, autoridades y una gran asistencia de p\u00fablico que interpretaron nuestro Himno Nacional para dar inicio, mientras el Pabell\u00f3n Patrio era izado en su m\u00e1stil de honor por funcionarios del Departamento de Educaci\u00f3n, para luego escuchar una Alocuci\u00f3n Patri\u00f3tica.<\/p>\n<p style=\"text-align: justify;\">Previo al desfile, se realiz\u00f3 el tradicional pie de cueca, adem\u00e1s de presentaciones de n\u00fameros art\u00edsticos de alumnos de nuestra comuna, para luego continuar con el infaltable brindis de chicha en cacho que fue llevado hasta donde se ubicaban las autoridades.<\/p>\n<p style=\"text-align: justify;\"><iframe loading=\"lazy\" style=\"border: none; overflow: hidden;\" src=\"https:\/\/www.facebook.com\/plugins\/post.php?href=https:\/\/www.facebook.com\/media\/set\/?set=a.1823557644325933.1073743141.159561284058919&amp;type=1&amp;l=50f2ad09fc&amp;l=a77e327dc6&amp;l=f5951f1994&amp;l=bfecbb8adf&amp;l=687b6bf5da&amp;width=500&amp;show_text=true&amp;height=691&amp;appId\" width=\"500\" height=\"691\" frameborder=\"0\" scrolling=\"no\"><\/iframe><\/p>\n<p style=\"text-align: justify;\"><strong>Rafael Cifuentes Rodr\u00edguez<\/strong>, se\u00f1alo al Equipo del Portal Yungayino.cl su alegr\u00eda y satisfacci\u00f3n por la gran cantidad de p\u00fablico, la buena asistencia y participaci\u00f3n de las Organizaciones Sociales y distintas instituciones p\u00fablicas de la comuna que se hicieron presente, por lo que agradeci\u00f3 por darse el tiempo de venir a desfilar para mantener viva esta tradici\u00f3n y reiter\u00f3 sus felicitaciones a todos, adem\u00e1s de saludar a todas las familias Yungayinas para que pasaran una Felices Fiestas Patrias.<\/p>\n<p style=\"text-align: justify;\">Destacar que en la ocasi\u00f3n el Municipio realiz\u00f3 la entrega de tres reconocimientos, los cuales recayeron en la Sra. Mar\u00eda Eva D\u00edaz Salazar, quien se destac\u00f3 por sus 33 a\u00f1os de servicio en el Municipio, Sr. Luis Hern\u00e1n Baeza Baeza, destacado Dirigente Social en el Sector El Castillo y la Sra. Josefina Valenzuela Burgos, destacada Dirigente Social del Sector Chillancito.<\/p>\n<p style=\"text-align: justify;\">Tambi\u00e9n en la oportunidad el Club Rotario de Yungay hizo entrega de manos de su presidente el Sr. Paulino Su\u00e1rez un galvano de reconocimiento a los \u201cPeucanos de la Alta Cordillera\u201d, por su gran trayectoria aportando el fomento al turismo, cultivo y rescate de las tradiciones campesinas y del arriero.<\/p>\n<p style=\"text-align: justify;\">Finalmente se dio inicio al desfile donde la gran cantidad de p\u00fablico asistente vieron como las agrupaciones de Adultos Mayores, Clubes Deportivos, Unidades Educativas, Bomberos, Funcionarios P\u00fablicos y Clubes de Huasos, entre otras organizaciones desfilaron de manera impecable a los sones de la Banda de Guerra de Yungay.<\/p>\n<p style=\"text-align: justify;\">El cierre de la actividad estuvo marcado por el tradicional vino de honor realizado en el Gimnasio Multiuso, d\u00f3nde autoridades y p\u00fablico en general compartieron.<\/p>\n<p style=\"text-align: justify;\">[su_button url=\u00bbhttps:\/\/www.facebook.com\/media\/set\/?set=a.1823557644325933.1073743141.159561284058919&amp;type=1&amp;l=50f2ad09fc\u00bb target=\u00bbblank\u00bb size=\u00bb7&#8243; radius=\u00bbround\u00bb icon=\u00bbicon: facebook-square\u00bb]FOTOGRAF\u00cdAS &#8211; Desfile de Fiestas Patrias 2017 en Yungay[\/su_button]<\/p>\n","protected":false},"excerpt":{"rendered":"<p>Yungay, martes 19 de septiembre 2017: La comuna de Yungay salud\u00f3 a la Patria este lunes 18 con Liturgia, Acto, Desfile y el Vino de Honor y as\u00ed celebrar los 207 a\u00f1os de la&#46;&#46;&#46;<\/p>\n","protected":false},"author":2,"featured_media":18392,"comment_status":"open","ping_status":"open","sticky":false,"template":"","format":"standard","meta":{"footnotes":""},"categories":[5,14,1],"tags":[1629,1115,8,6,117],"class_list":["post-18391","post","type-post","status-publish","format-standard","has-post-thumbnail","hentry","category-eventos","category-historia","category-noticias","tag-fiestas-patrias-2017","tag-noticias","tag-yungay","tag-yungayino","tag-yungayinocl"],"_links":{"self":[{"href":"https:\/\/www.yungayino.cl\/noticias\/index.php?rest_route=\/wp\/v2\/posts\/18391","targetHints":{"allow":["GET"]}}],"collection":[{"href":"https:\/\/www.yungayino.cl\/noticias\/index.php?rest_route=\/wp\/v2\/posts"}],"about":[{"href":"https:\/\/www.yungayino.cl\/noticias\/index.php?rest_route=\/wp\/v2\/types\/post"}],"author":[{"embeddable":true,"href":"https:\/\/www.yungayino.cl\/noticias\/index.php?rest_route=\/wp\/v2\/users\/2"}],"replies":[{"embeddable":true,"href":"https:\/\/www.yungayino.cl\/noticias\/index.php?rest_route=%2Fwp%2Fv2%2Fcomments&post=18391"}],"version-history":[{"count":1,"href":"https:\/\/www.yungayino.cl\/noticias\/index.php?rest_route=\/wp\/v2\/posts\/18391\/revisions"}],"predecessor-version":[{"id":18393,"href":"https:\/\/www.yungayino.cl\/noticias\/index.php?rest_route=\/wp\/v2\/posts\/18391\/revisions\/18393"}],"wp:featuredmedia":[{"embeddable":true,"href":"https:\/\/www.yungayino.cl\/noticias\/index.php?rest_route=\/wp\/v2\/media\/18392"}],"wp:attachment":[{"href":"https:\/\/www.yungayino.cl\/noticias\/index.php?rest_route=%2Fwp%2Fv2%2Fmedia&parent=18391"}],"wp:term":[{"taxonomy":"category","embeddable":true,"href":"https:\/\/www.yungayino.cl\/noticias\/index.php?rest_route=%2Fwp%2Fv2%2Fcategories&post=18391"},{"taxonomy":"post_tag","embeddable":true,"href":"https:\/\/www.yungayino.cl\/noticias\/index.php?rest_route=%2Fwp%2Fv2%2Ftags&post=18391"}],"curies":[{"name":"wp","href":"https:\/\/api.w.org\/{rel}","templated":true}]}}