{"id":18394,"date":"2017-09-21T18:00:56","date_gmt":"2017-09-21T21:00:56","guid":{"rendered":"http:\/\/www.yungayino.cl\/noticias\/?p=18394"},"modified":"2017-09-21T19:45:01","modified_gmt":"2017-09-21T22:45:01","slug":"frontel-llama-a-no-usar-tendido-electrico-para-propaganda-electoral","status":"publish","type":"post","link":"https:\/\/www.yungayino.cl\/noticias\/?p=18394","title":{"rendered":"FRONTEL Llama a No Usar Tendido El\u00e9ctrico Para Propaganda Electoral"},"content":{"rendered":"<p><img loading=\"lazy\" decoding=\"async\" class=\"alignnone size-full\" src=\"http:\/\/www.yungayino.cl\/noticias\/wp-content\/uploads\/2015\/01\/frontel.jpg\" width=\"800\" height=\"415\" \/><\/p>\n<p style=\"text-align: justify;\">Yungay, jueves 21 de septiembre 2017: De acuerdo al cronograma establecido por el SERVEL, hoy mi\u00e9rcoles 20 de septiembre comienza el per\u00edodo de propaganda electoral. A partir de esta fecha, la Superintendencia de Electricidad y Combustibles (SEC) fiscalizar\u00e1 el cumplimiento del marco regulatorio vigente, establecido en el Oficio N\u00b0 4677, donde indica que est\u00e1 prohibida la instalaci\u00f3n de todo tipo de propaganda o publicidad en las instalaciones de distribuci\u00f3n de electricidad (postes, cables y tensores soportantes de las redes), puesto que ponen en riesgo la integridad de las personas y continuidad del servicio.<\/p>\n<p style=\"text-align: justify;\">En este contexto, las empresas el\u00e9ctricas y cooperativas quedan facultadas para retirar todos los elementos ajenos a la entrega de energ\u00eda o telecomunicaciones. Por ello, Frontel solicita a los candidatos a que se informen de las restricciones y los riesgos que implica colgar propaganda pol\u00edtica en las instalaciones.<\/p>\n<p style=\"text-align: justify;\">\u201cHacemos un llamado a los comandos a tener una actitud c\u00edvica responsable, puesto que al colgar propaganda en el tendido el\u00e9ctrico, no s\u00f3lo afecta la continuidad del servicio, sino que pone en riesgo la vida de los propios brigadistas, quienes act\u00faan sin ning\u00fan conocimiento, ni medidas de seguridad\u201d,\u00a0solicitan desde Frontel.<\/p>\n<p style=\"text-align: justify;\">La colocaci\u00f3n de propaganda o publicidad en los postes genera tres efectos:<\/p>\n<ol style=\"text-align: justify;\">\n<li><strong>Peligro para la seguridad<\/strong><strong>de las personas<\/strong>, ya que elementos mal instalados podr\u00edan caer.<\/li>\n<li><strong>Inminente riesgo de electrocuci\u00f3n<\/strong>para quienes realizan esta tarea.<\/li>\n<li>Posibles\u00a0<strong>alteraciones en la continuidad y calidad del servicio el\u00e9ctrico<\/strong>.<\/li>\n<\/ol>\n<p style=\"text-align: justify;\">Para garantizar el servicio, Frontel debe redoblar sus esfuerzos, destinando personal t\u00e9cnico y especializado en el retiro de la propaganda pol\u00edtica. Por lo mismo, la compa\u00f1\u00eda reitera la importancia de respetar la normativa vigente.<\/p>\n","protected":false},"excerpt":{"rendered":"<p>Yungay, jueves 21 de septiembre 2017: De acuerdo al cronograma establecido por el SERVEL, hoy mi\u00e9rcoles 20 de septiembre comienza el per\u00edodo de propaganda electoral. A partir de esta fecha, la Superintendencia de Electricidad&#46;&#46;&#46;<\/p>\n","protected":false},"author":2,"featured_media":18403,"comment_status":"open","ping_status":"open","sticky":false,"template":"","format":"standard","meta":{"footnotes":""},"categories":[3,1],"tags":[1094,1115,8,6,117],"class_list":["post-18394","post","type-post","status-publish","format-standard","has-post-thumbnail","hentry","category-actualidad","category-noticias","tag-frontel","tag-noticias","tag-yungay","tag-yungayino","tag-yungayinocl"],"_links":{"self":[{"href":"https:\/\/www.yungayino.cl\/noticias\/index.php?rest_route=\/wp\/v2\/posts\/18394","targetHints":{"allow":["GET"]}}],"collection":[{"href":"https:\/\/www.yungayino.cl\/noticias\/index.php?rest_route=\/wp\/v2\/posts"}],"about":[{"href":"https:\/\/www.yungayino.cl\/noticias\/index.php?rest_route=\/wp\/v2\/types\/post"}],"author":[{"embeddable":true,"href":"https:\/\/www.yungayino.cl\/noticias\/index.php?rest_route=\/wp\/v2\/users\/2"}],"replies":[{"embeddable":true,"href":"https:\/\/www.yungayino.cl\/noticias\/index.php?rest_route=%2Fwp%2Fv2%2Fcomments&post=18394"}],"version-history":[{"count":2,"href":"https:\/\/www.yungayino.cl\/noticias\/index.php?rest_route=\/wp\/v2\/posts\/18394\/revisions"}],"predecessor-version":[{"id":18402,"href":"https:\/\/www.yungayino.cl\/noticias\/index.php?rest_route=\/wp\/v2\/posts\/18394\/revisions\/18402"}],"wp:featuredmedia":[{"embeddable":true,"href":"https:\/\/www.yungayino.cl\/noticias\/index.php?rest_route=\/wp\/v2\/media\/18403"}],"wp:attachment":[{"href":"https:\/\/www.yungayino.cl\/noticias\/index.php?rest_route=%2Fwp%2Fv2%2Fmedia&parent=18394"}],"wp:term":[{"taxonomy":"category","embeddable":true,"href":"https:\/\/www.yungayino.cl\/noticias\/index.php?rest_route=%2Fwp%2Fv2%2Fcategories&post=18394"},{"taxonomy":"post_tag","embeddable":true,"href":"https:\/\/www.yungayino.cl\/noticias\/index.php?rest_route=%2Fwp%2Fv2%2Ftags&post=18394"}],"curies":[{"name":"wp","href":"https:\/\/api.w.org\/{rel}","templated":true}]}}