{"id":18420,"date":"2017-09-28T15:00:54","date_gmt":"2017-09-28T18:00:54","guid":{"rendered":"http:\/\/www.yungayino.cl\/noticias\/?p=18420"},"modified":"2017-09-28T17:34:25","modified_gmt":"2017-09-28T20:34:25","slug":"240-familias-de-yungay-recibieron-viviendas-gracias-a-proyecto-de-integracion-social-entre-rios","status":"publish","type":"post","link":"https:\/\/www.yungayino.cl\/noticias\/?p=18420","title":{"rendered":"240 Familias de Yungay Recibieron Viviendas Gracias a Proyecto de Integraci\u00f3n Social \u201cEntre R\u00edos\u201d"},"content":{"rendered":"<p><img loading=\"lazy\" decoding=\"async\" class=\"alignnone size-full wp-image-18421\" src=\"http:\/\/www.yungayino.cl\/noticias\/wp-content\/uploads\/2017\/09\/entre_rios_casas_entrega.jpg\" alt=\"\" width=\"700\" height=\"350\" srcset=\"https:\/\/www.yungayino.cl\/noticias\/wp-content\/uploads\/2017\/09\/entre_rios_casas_entrega.jpg 700w, https:\/\/www.yungayino.cl\/noticias\/wp-content\/uploads\/2017\/09\/entre_rios_casas_entrega-300x150.jpg 300w\" sizes=\"auto, (max-width: 700px) 100vw, 700px\" \/><\/p>\n<p style=\"text-align: justify;\">Yungay, jueves 28 de septiembre 2017: Con la presencia de cerca de un millar de personas se realiz\u00f3 la ceremonia de inauguraci\u00f3n del Conjunto Habitacional \u201cEntre R\u00edos\u201d, iniciativa p\u00fablico \u2013 privada que impulsaron el Ministerio de Vivienda (MINVU) y Empresa ARAUCO en la comuna de Yungay, \u00d1uble.<\/p>\n<ul style=\"text-align: justify;\">\n<li>Proyecto \u201cEntre R\u00edos\u201d es parte del Programa de Reactivaci\u00f3n Econ\u00f3mica e Integraci\u00f3n Social (DS 116) del Ministerio de Vivienda.<\/li>\n<li>Este barrio integrado fue dise\u00f1ado por la prestigiosa oficina Elemental, a cargo del arquitecto Alejandro Aravena, ganador del premio Pritzker, considerado el Nobel de la Arquitectura.<\/li>\n<\/ul>\n<p style=\"text-align: justify;\">La construcci\u00f3n de las 240 casas parti\u00f3 en noviembre de 2015, en el marco del Programa de Reactivaci\u00f3n Econ\u00f3mica e Integraci\u00f3n Social (DS 116), impulsado por el MINVU, a trav\u00e9s del cual se promueve que en un mismo barrio convivan familias diversas, que acceden a viviendas con y sin deuda.<\/p>\n<p style=\"text-align: justify;\"><iframe loading=\"lazy\" style=\"border: none; overflow: hidden;\" src=\"https:\/\/www.facebook.com\/plugins\/post.php?href=https:\/\/www.facebook.com\/media\/set\/?set=a.1831540286861002.1073743146.159561284058919&amp;type=1&amp;l=90dc190c1a&amp;l=a77e327dc6&amp;l=f5951f1994&amp;l=bfecbb8adf&amp;l=687b6bf5da&amp;width=500&amp;show_text=true&amp;height=691&amp;appId\" width=\"500\" height=\"691\" frameborder=\"0\" scrolling=\"no\"><\/iframe><\/p>\n<p style=\"text-align: justify;\">Las 240 casas del proyecto son de dos pisos, con posibilidades de ampliarse hasta 88 m<sup>2<\/sup>, consideran 2 y 3 dormitorios, 1 ba\u00f1o, cocina y estar &#8211; comedor. Adem\u00e1s, este barrio incluye multicancha, juegos infantiles, iluminaci\u00f3n exterior, plazas con juegos para ni\u00f1os, paisajismo, v\u00edas peatonales y estacionamientos.<\/p>\n<p style=\"text-align: justify;\">\u201cEntre R\u00edos\u201d es uno de los 18 proyectos impulsados por ARAUCO, a trav\u00e9s de su Plan de Vivienda, orientado a ordenar la demanda de las familias, ayudarlas a organizarse en un comit\u00e9 de vivienda y dar acompa\u00f1amiento al proceso, logrando as\u00ed acortar significativamente los plazos para concretar la casa propia. Entre las iniciativas que se encuentran en distintas etapas de desarrollo, se espera gestionar la entrega de m\u00e1s de 3.500 viviendas a familias de Maule, \u00d1uble, B\u00edo B\u00edo y Los R\u00edos.<\/p>\n<p style=\"text-align: justify;\"><strong>Integraci\u00f3n Social<\/strong><\/p>\n<p style=\"text-align: justify;\">La ministra de Vivienda, Paulina Saball, destac\u00f3 que \u201ccon este tipo de proyectos estamos demostrando que el programa de integraci\u00f3n social y\u00a0 territorial responde a una necesidad y permite construir mejor. Adem\u00e1s, cuando hay cooperaci\u00f3n p\u00fablico \u2013 privada, las pol\u00edticas p\u00fablicas se robustecen y todos hacemos mejor las cosas\u201d.<\/p>\n<p style=\"text-align: justify;\">Para el gerente de Asuntos Corporativos y Comerciales de ARAUCO, Charles Kimber, la inauguraci\u00f3n de este proyecto \u201ces fruto de tres a\u00f1os de arduo trabajo organizado y bien planificado, haciendo uso de los recursos dispuestos por el Ministerio de Vivienda, canalizados de manera adecuada a trav\u00e9s del municipio y los comit\u00e9s de vivienda, con un equipo t\u00e9cnico que se preocup\u00f3 de generar un tipo de barrio con espacios p\u00fablicos, en condominio, con viviendas de gran calidad, mejorando as\u00ed la calidad de vida de los nuevos propietarios\u201d.<\/p>\n<p style=\"text-align: justify;\">Tamara Figueroa, presidenta del Comit\u00e9 \u201cEntre R\u00edos\u201d, dijo estar \u201cm\u00e1s que feliz, orgullosa de que sea realidad esto por lo que tanto luchamos. Vamos a seguir golpeando puertas porque queremos que esto siga creciendo, que no se estanque y que en un tiempo m\u00e1s esta villa sea m\u00e1s grande\u2026 \u00a1y a\u00fan m\u00e1s linda!\u201d<\/p>\n<p style=\"text-align: justify;\"><strong>Viviendas Incrementales<\/strong><\/p>\n<p style=\"text-align: justify;\">El conjunto habitacional \u201cEntre R\u00edos\u201d, de Yungay, fue dise\u00f1ado por el reconocido arquitecto Alejandro Aravena, a trav\u00e9s de Elemental, oficina de arquitectos que \u00e9l dirige. En enero de este a\u00f1o, Aravena, fue distinguido con el m\u00e1ximo reconocimiento mundial en dicho \u00e1mbito: el Premio Pritzker, considerado el Nobel de la Arquitectura. El profesional se convirti\u00f3 en el primer chileno y el cuarto latinoamericano en obtener el galard\u00f3n.<\/p>\n<p style=\"text-align: justify;\">El concepto de incrementalidad en la arquitectura es un principio promovido por Aravena para enfrentar la escasez de recursos, donde la clave est\u00e1 en enfocarse en resolver lo m\u00e1s dif\u00edcil en los or\u00edgenes del proyecto y complementar con algunas condiciones adicionales que permitir\u00e1n escalarlo y desarrollarlo arm\u00f3nicamente en el tiempo.<\/p>\n<p style=\"text-align: justify;\">En este sentido, \u201cEntre R\u00edos\u201d considera la construcci\u00f3n de la primera etapa o entrega inicial, pero incorpora todos los detalles constructivos y consideraciones que permitan ejecutar la ampliaci\u00f3n proyectada de la mitad de la casa en una segunda etapa para algunas tipolog\u00edas y la ejecuci\u00f3n de la ampliaci\u00f3n de parte del segundo piso para otras. Son las denominadas \u201cviviendas incrementales\u201d, que fueron calificadas como \u201cinnovadoras\u201d por el jurado del premio Pritzker.<\/p>\n<p style=\"text-align: justify;\">Desde el punto de vista constructivo, las casas de \u201cEntre R\u00edos\u201d destacan por una serie de innovaciones, como, por ejemplo, madera de gran calidad, con m\u00ednima deformaci\u00f3n; cortafuegos mucho m\u00e1s resistentes que los que tradicionalmente se encuentran en este tipo de vivienda; adem\u00e1s de un aislante t\u00e9rmico y ac\u00fastico de celulosa proyectada.<\/p>\n<p style=\"text-align: justify;\">Las viviendas se agrupan en torno a patios comunes, introduciendo entre el espacio p\u00fablico y el privado, el espacio colectivo: una propiedad com\u00fan de acceso restringido, que promueve las redes sociales y la vida de barrio.<\/p>\n<p style=\"text-align: justify;\"><strong>Actividades Complementarias<\/strong><\/p>\n<p style=\"text-align: justify;\">En paralelo a la gesti\u00f3n propia del proceso que conduce a la obtenci\u00f3n de la casa propia, se desarrollaron diversas actividades, entre ellas la implementaci\u00f3n de una \u201cEscuela de Oficios\u201d en Carpinter\u00eda de Terminaciones. Aproximadamente 12 mujeres egresadas trabajaron en la obra.<\/p>\n<p style=\"text-align: justify;\">Durante el segundo semestre del 2016, se realiz\u00f3 la presentaci\u00f3n de \u201cCocinas Incrementales\u201d, propuestas de dise\u00f1o de muebles de cocina especialmente para este tipo viviendas, en el marco del Encuentro de Dise\u00f1o Espacios Vesto. Hoy, estos proyectos son finalistas para el Premio Nacional de Innovaci\u00f3n &#8211; Avonni.<\/p>\n<p style=\"text-align: justify;\">[su_button url=\u00bbhttps:\/\/www.facebook.com\/media\/set\/?set=a.1831540286861002.1073743146.159561284058919&amp;type=1&amp;l=90dc190c1a\u00bb target=\u00bbblank\u00bb size=\u00bb7&#8243; radius=\u00bbround\u00bb icon=\u00bbicon: facebook-square\u00bb]FOTOGRAF\u00cdAS &#8211; 240 Familias de Yungay Recibieron Viviendas Gracias a Proyecto de Integraci\u00f3n Social \u201cEntre R\u00edos\u201d[\/su_button]<\/p>\n<p>&nbsp;<\/p>\n","protected":false},"excerpt":{"rendered":"<p>Yungay, jueves 28 de septiembre 2017: Con la presencia de cerca de un millar de personas se realiz\u00f3 la ceremonia de inauguraci\u00f3n del Conjunto Habitacional \u201cEntre R\u00edos\u201d, iniciativa p\u00fablico \u2013 privada que impulsaron el&#46;&#46;&#46;<\/p>\n","protected":false},"author":2,"featured_media":18421,"comment_status":"open","ping_status":"open","sticky":false,"template":"","format":"standard","meta":{"footnotes":""},"categories":[3,5,1],"tags":[350,1395,1115,8,6,117],"class_list":["post-18420","post","type-post","status-publish","format-standard","has-post-thumbnail","hentry","category-actualidad","category-eventos","category-noticias","tag-arauco","tag-entre-rios","tag-noticias","tag-yungay","tag-yungayino","tag-yungayinocl"],"_links":{"self":[{"href":"https:\/\/www.yungayino.cl\/noticias\/index.php?rest_route=\/wp\/v2\/posts\/18420","targetHints":{"allow":["GET"]}}],"collection":[{"href":"https:\/\/www.yungayino.cl\/noticias\/index.php?rest_route=\/wp\/v2\/posts"}],"about":[{"href":"https:\/\/www.yungayino.cl\/noticias\/index.php?rest_route=\/wp\/v2\/types\/post"}],"author":[{"embeddable":true,"href":"https:\/\/www.yungayino.cl\/noticias\/index.php?rest_route=\/wp\/v2\/users\/2"}],"replies":[{"embeddable":true,"href":"https:\/\/www.yungayino.cl\/noticias\/index.php?rest_route=%2Fwp%2Fv2%2Fcomments&post=18420"}],"version-history":[{"count":2,"href":"https:\/\/www.yungayino.cl\/noticias\/index.php?rest_route=\/wp\/v2\/posts\/18420\/revisions"}],"predecessor-version":[{"id":18423,"href":"https:\/\/www.yungayino.cl\/noticias\/index.php?rest_route=\/wp\/v2\/posts\/18420\/revisions\/18423"}],"wp:featuredmedia":[{"embeddable":true,"href":"https:\/\/www.yungayino.cl\/noticias\/index.php?rest_route=\/wp\/v2\/media\/18421"}],"wp:attachment":[{"href":"https:\/\/www.yungayino.cl\/noticias\/index.php?rest_route=%2Fwp%2Fv2%2Fmedia&parent=18420"}],"wp:term":[{"taxonomy":"category","embeddable":true,"href":"https:\/\/www.yungayino.cl\/noticias\/index.php?rest_route=%2Fwp%2Fv2%2Fcategories&post=18420"},{"taxonomy":"post_tag","embeddable":true,"href":"https:\/\/www.yungayino.cl\/noticias\/index.php?rest_route=%2Fwp%2Fv2%2Ftags&post=18420"}],"curies":[{"name":"wp","href":"https:\/\/api.w.org\/{rel}","templated":true}]}}