{"id":18424,"date":"2017-09-29T19:00:05","date_gmt":"2017-09-29T22:00:05","guid":{"rendered":"http:\/\/www.yungayino.cl\/noticias\/?p=18424"},"modified":"2017-09-29T21:01:01","modified_gmt":"2017-09-30T00:01:01","slug":"bomberos-de-yungay-recibe-nuevo-carro-aljibe","status":"publish","type":"post","link":"https:\/\/www.yungayino.cl\/noticias\/?p=18424","title":{"rendered":"Bomberos de Yungay Recibe Nuevo Carro Aljibe"},"content":{"rendered":"<p><img loading=\"lazy\" decoding=\"async\" class=\"alignnone size-full wp-image-18425\" src=\"http:\/\/www.yungayino.cl\/noticias\/wp-content\/uploads\/2017\/09\/bomberos_nuevo_carro_2017.jpg\" alt=\"\" width=\"700\" height=\"350\" srcset=\"https:\/\/www.yungayino.cl\/noticias\/wp-content\/uploads\/2017\/09\/bomberos_nuevo_carro_2017.jpg 700w, https:\/\/www.yungayino.cl\/noticias\/wp-content\/uploads\/2017\/09\/bomberos_nuevo_carro_2017-300x150.jpg 300w\" sizes=\"auto, (max-width: 700px) 100vw, 700px\" \/><\/p>\n<p style=\"text-align: justify;\">Yungay, viernes 29 de septiembre 2017: El Cuerpo de Bomberos de Yungay recibi\u00f3 con mucha alegr\u00eda un nuevo cami\u00f3n aljibe, con una capacidad de estanque de 8.000 litros, cabina simple con cuerpo bomba y pit\u00f3n monitor de alto desalojo, el cual llego el d\u00eda de ayer a nuestra comuna y se dio a conocer con un recorrido por la calles de Yungay para ser mostrado a toda la comunidad.<\/p>\n<p style=\"text-align: justify;\"><iframe loading=\"lazy\" style=\"border: none; overflow: hidden;\" src=\"https:\/\/www.facebook.com\/plugins\/post.php?href=https:\/\/www.facebook.com\/media\/set\/?set=a.1832726176742413.1073743147.159561284058919&amp;type=1&amp;l=2b5ef75af1&amp;l=a77e327dc6&amp;l=f5951f1994&amp;l=bfecbb8adf&amp;l=687b6bf5da&amp;width=500&amp;show_text=true&amp;height=691&amp;appId\" width=\"500\" height=\"691\" frameborder=\"0\" scrolling=\"no\"><\/iframe><\/p>\n<p style=\"text-align: justify;\"><strong>Ceremonia Oficial<\/strong><\/p>\n<p style=\"text-align: justify;\">En una ceremonia encabezada por el Intendente Rodrigo D\u00edaz, junto al Presidente Nacional de Bomberos, Miguel Reyes y el Presidente del Consejo Regional, Hugo Cautivo, se entregaron las llaves de los nuevos carros que mejorar\u00e1n el despliegue ante emergencias y siniestros.<\/p>\n<p style=\"text-align: justify;\">En el Parque Bicentenario de Concepci\u00f3n y ante los superintendentes y autoridades bomberiles representantes de los 51 Cuerpos de Bomberos de la Regi\u00f3n del Biob\u00edo, el Intendente, Rodrigo D\u00edaz, acompa\u00f1ado del Presidente Nacional de la Instituci\u00f3n, Miguel Reyes; y el Presidente del Consejo Regional, Hugo Cautivo; realizaron la entrega oficial de 23 carros bomba de primera intervenci\u00f3n semiurbanos y 29 carros bombas aljibes.<\/p>\n<p style=\"text-align: justify;\">El Superintendente de Bomberos de Yungay, <strong>Pedro Carrasco Mieres <\/strong>se\u00f1alo al Equipo del Portal Yungayino.cl, que este nuevo cami\u00f3n es parte de un Proyecto Regional para todos los Bomberos de la Regi\u00f3n del Biob\u00edo, donde destac\u00f3 sentirse muy feliz y orgulloso de ser parte de esta gesti\u00f3n que se ha realizado con todo el Equipo del Cuerpo de Bomberos de Yungay.<\/p>\n<p style=\"text-align: justify;\">El alcalde <strong>Rafael Cifuentes, <\/strong>se\u00f1alo estar muy contento y sentirse orgulloso de ser Yungayino por contar con los bomberos que tiene nuestra comuna, quienes siempre se han destacado por la entrega profesional y esfuerzo hacia la comunidad, tambi\u00e9n destac\u00f3 que este es un compromiso adquirido de la Presidenta Michelle Bachelet para dotar a todos los cuerpos de bomberos a nivel nacional de carros bombas y aljibes, finalmente reiter\u00f3 sus felicitaciones a la directiva y al Cuerpo de Bomberos de Yungay.<\/p>\n<p style=\"text-align: justify;\">[su_button url=\u00bbhttps:\/\/www.facebook.com\/media\/set\/?set=a.1832726176742413.1073743147.159561284058919&amp;type=1&amp;l=2b5ef75af1&#8243; target=\u00bbblank\u00bb size=\u00bb7&#8243; radius=\u00bbround\u00bb icon=\u00bbicon: facebook-square\u00bb]FOTOGRAF\u00cdAS &#8211; Bomberos de Yungay Recibe Nuevo Carro Aljibe[\/su_button]<\/p>\n","protected":false},"excerpt":{"rendered":"<p>Yungay, viernes 29 de septiembre 2017: El Cuerpo de Bomberos de Yungay recibi\u00f3 con mucha alegr\u00eda un nuevo cami\u00f3n aljibe, con una capacidad de estanque de 8.000 litros, cabina simple con cuerpo bomba y&#46;&#46;&#46;<\/p>\n","protected":false},"author":2,"featured_media":18425,"comment_status":"open","ping_status":"open","sticky":false,"template":"","format":"standard","meta":{"footnotes":""},"categories":[1],"tags":[37,1115,1262,8,6,117],"class_list":["post-18424","post","type-post","status-publish","format-standard","has-post-thumbnail","hentry","category-noticias","tag-bomberos","tag-noticias","tag-nuevo-carro","tag-yungay","tag-yungayino","tag-yungayinocl"],"_links":{"self":[{"href":"https:\/\/www.yungayino.cl\/noticias\/index.php?rest_route=\/wp\/v2\/posts\/18424","targetHints":{"allow":["GET"]}}],"collection":[{"href":"https:\/\/www.yungayino.cl\/noticias\/index.php?rest_route=\/wp\/v2\/posts"}],"about":[{"href":"https:\/\/www.yungayino.cl\/noticias\/index.php?rest_route=\/wp\/v2\/types\/post"}],"author":[{"embeddable":true,"href":"https:\/\/www.yungayino.cl\/noticias\/index.php?rest_route=\/wp\/v2\/users\/2"}],"replies":[{"embeddable":true,"href":"https:\/\/www.yungayino.cl\/noticias\/index.php?rest_route=%2Fwp%2Fv2%2Fcomments&post=18424"}],"version-history":[{"count":2,"href":"https:\/\/www.yungayino.cl\/noticias\/index.php?rest_route=\/wp\/v2\/posts\/18424\/revisions"}],"predecessor-version":[{"id":18427,"href":"https:\/\/www.yungayino.cl\/noticias\/index.php?rest_route=\/wp\/v2\/posts\/18424\/revisions\/18427"}],"wp:featuredmedia":[{"embeddable":true,"href":"https:\/\/www.yungayino.cl\/noticias\/index.php?rest_route=\/wp\/v2\/media\/18425"}],"wp:attachment":[{"href":"https:\/\/www.yungayino.cl\/noticias\/index.php?rest_route=%2Fwp%2Fv2%2Fmedia&parent=18424"}],"wp:term":[{"taxonomy":"category","embeddable":true,"href":"https:\/\/www.yungayino.cl\/noticias\/index.php?rest_route=%2Fwp%2Fv2%2Fcategories&post=18424"},{"taxonomy":"post_tag","embeddable":true,"href":"https:\/\/www.yungayino.cl\/noticias\/index.php?rest_route=%2Fwp%2Fv2%2Ftags&post=18424"}],"curies":[{"name":"wp","href":"https:\/\/api.w.org\/{rel}","templated":true}]}}