{"id":1844,"date":"2009-09-07T17:00:50","date_gmt":"2009-09-07T21:00:50","guid":{"rendered":"http:\/\/www.yungayino.cl\/noticias\/?p=1844"},"modified":"2009-09-07T18:06:53","modified_gmt":"2009-09-07T22:06:53","slug":"fundacion-integra-inaugura-ampliacion-sala-cuna-jardin-infantil-%e2%80%9cverde-amanecer%e2%80%9d-de-yungay","status":"publish","type":"post","link":"https:\/\/www.yungayino.cl\/noticias\/?p=1844","title":{"rendered":"Fundaci\u00f3n Integra Inaugura Ampliaci\u00f3n Sala Cuna Jard\u00edn Infantil \u201cVerde Amanecer\u201d de Yungay"},"content":{"rendered":"<p><img decoding=\"async\" src=\"http:\/\/www.yungayino.cl\/imagenes\/jardinverdeamanecer.jpg\" alt=\"Fundaci\u00f3n Integra Inaugura Ampliaci\u00f3n Sala Cuna Jard\u00edn Infantil \u201cVerde Amanecer\u201d de Yungay\" \/><\/p>\n<p align=\"justify\"><font size=\"2\">Yungay, 7 de septiembre fue inaugurada la ampliaci\u00f3n de la Sala Cuna del Jard\u00edn Infantil \u201cVerde Amanecer\u201d  de nuestra comuna, el acto cont\u00f3 con la presencia del Alcalde Pedro Inostroza,  la Directora Regional Fundaci\u00f3n Integra Jenny Vega Nu\u00f1ez , Concejales, Representantes de la Red B\u00e1sica Chile Crece Contigo y Apoderados. La nueva sala tuvo una inversi\u00f3n de $17.794.691 financiada por la Fundaci\u00f3n Integra el cu\u00e1l permitir\u00e1 ampliar la atenci\u00f3n de 12 lactantes a 24, adem\u00e1s extender\u00e1 su horario de atenci\u00f3n hasta las 20:00 horas, lo cu\u00e1l favorece a las madres jefas de hogar y tambi\u00e9n dar\u00e1 nuevas fuentes de trabajo a personas de Yungay, as\u00ed lo informo al Portal la Directora del Jard\u00edn Cecilia Sanhueza qui\u00e9n destaco que gracias a la nueva ampliaci\u00f3n se permitir\u00e1 seguir mejorando por el desarrollo integral de ni\u00f1os y ni\u00f1as, de entre tres meses y cinco a\u00f1os de edad, que viven en situaci\u00f3n de pobreza o vulnerabilidad social.<br \/>\n<a href=\"http:\/\/www.yungayino.cl\/noticias\/?p=1844#comments\">Comente Aqu\u00ed<\/a><br \/>\n<a href=\"http:\/\/www.integra.cl\">Portal Integra<\/a><br \/>\n<href=\"<object width=\"425\" height=\"344\"><param name=\"movie\" value=\"http:\/\/www.youtube.com\/v\/I5U-6ktdA7s&#038;hl=es&#038;fs=1&#038;\"><\/param><param name=\"allowFullScreen\" value=\"true\"><\/param><param name=\"allowscriptaccess\" value=\"always\"><\/param><embed src=\"http:\/\/www.youtube.com\/v\/I5U-6ktdA7s&#038;hl=es&#038;fs=1&#038;\" type=\"application\/x-shockwave-flash\" allowscriptaccess=\"always\" allowfullscreen=\"true\" width=\"425\" height=\"344\"><\/embed><\/object>\u00ab>Video<\/a><\/font><\/p>\n","protected":false},"excerpt":{"rendered":"<p>Yungay, 7 de septiembre fue inaugurada la ampliaci\u00f3n de la Sala Cuna del Jard\u00edn Infantil \u201cVerde Amanecer\u201d de nuestra comuna, el acto cont\u00f3 con la presencia del Alcalde Pedro Inostroza, la Directora Regional Fundaci\u00f3n&#46;&#46;&#46;<\/p>\n","protected":false},"author":2,"featured_media":15096,"comment_status":"open","ping_status":"open","sticky":false,"template":"","format":"standard","meta":{"footnotes":""},"categories":[1],"tags":[1115,8,6],"class_list":["post-1844","post","type-post","status-publish","format-standard","has-post-thumbnail","hentry","category-noticias","tag-noticias","tag-yungay","tag-yungayino"],"_links":{"self":[{"href":"https:\/\/www.yungayino.cl\/noticias\/index.php?rest_route=\/wp\/v2\/posts\/1844","targetHints":{"allow":["GET"]}}],"collection":[{"href":"https:\/\/www.yungayino.cl\/noticias\/index.php?rest_route=\/wp\/v2\/posts"}],"about":[{"href":"https:\/\/www.yungayino.cl\/noticias\/index.php?rest_route=\/wp\/v2\/types\/post"}],"author":[{"embeddable":true,"href":"https:\/\/www.yungayino.cl\/noticias\/index.php?rest_route=\/wp\/v2\/users\/2"}],"replies":[{"embeddable":true,"href":"https:\/\/www.yungayino.cl\/noticias\/index.php?rest_route=%2Fwp%2Fv2%2Fcomments&post=1844"}],"version-history":[{"count":6,"href":"https:\/\/www.yungayino.cl\/noticias\/index.php?rest_route=\/wp\/v2\/posts\/1844\/revisions"}],"predecessor-version":[{"id":1873,"href":"https:\/\/www.yungayino.cl\/noticias\/index.php?rest_route=\/wp\/v2\/posts\/1844\/revisions\/1873"}],"wp:featuredmedia":[{"embeddable":true,"href":"https:\/\/www.yungayino.cl\/noticias\/index.php?rest_route=\/wp\/v2\/media\/15096"}],"wp:attachment":[{"href":"https:\/\/www.yungayino.cl\/noticias\/index.php?rest_route=%2Fwp%2Fv2%2Fmedia&parent=1844"}],"wp:term":[{"taxonomy":"category","embeddable":true,"href":"https:\/\/www.yungayino.cl\/noticias\/index.php?rest_route=%2Fwp%2Fv2%2Fcategories&post=1844"},{"taxonomy":"post_tag","embeddable":true,"href":"https:\/\/www.yungayino.cl\/noticias\/index.php?rest_route=%2Fwp%2Fv2%2Ftags&post=1844"}],"curies":[{"name":"wp","href":"https:\/\/api.w.org\/{rel}","templated":true}]}}