{"id":18443,"date":"2017-10-09T12:00:04","date_gmt":"2017-10-09T15:00:04","guid":{"rendered":"http:\/\/www.yungayino.cl\/noticias\/?p=18443"},"modified":"2017-10-09T14:53:09","modified_gmt":"2017-10-09T17:53:09","slug":"arauco-y-etex-group-establecen-las-bases-para-una-alianza-estrategica-destinada-a-desarrollar-nuevas-soluciones-constructivas","status":"publish","type":"post","link":"https:\/\/www.yungayino.cl\/noticias\/?p=18443","title":{"rendered":"ARAUCO y ETEX Group Establecen las Bases Para una Alianza Estrat\u00e9gica Destinada a Desarrollar Nuevas Soluciones Constructivas"},"content":{"rendered":"<p><img loading=\"lazy\" decoding=\"async\" class=\"alignnone size-full wp-image-18444\" src=\"http:\/\/www.yungayino.cl\/noticias\/wp-content\/uploads\/2017\/10\/arauco_201710.jpg\" alt=\"\" width=\"700\" height=\"350\" srcset=\"https:\/\/www.yungayino.cl\/noticias\/wp-content\/uploads\/2017\/10\/arauco_201710.jpg 700w, https:\/\/www.yungayino.cl\/noticias\/wp-content\/uploads\/2017\/10\/arauco_201710-300x150.jpg 300w\" sizes=\"auto, (max-width: 700px) 100vw, 700px\" \/><\/p>\n<p style=\"text-align: justify;\">Yungay, lunes 09 de octubre 2017: ARAUCO y ETEX firmaron un acuerdo con el objeto de asociarse para mejorar la habitabilidad y sustentabilidad de la construcci\u00f3n, innovando a trav\u00e9s del desarrollo de soluciones constructivas en seco con madera, para el mercado de casas, edificios y remodelaciones.<\/p>\n<p style=\"text-align: justify;\">El joint venture proyectado tiene por objeto desarrollar nuevas soluciones constructivas innovadoras con estructuras de madera. Este nuevo negocio considera una inversi\u00f3n inicial de US$6 millones, con posibilidad de extenderse a hasta US$15 millones, y se enmarca dentro del desaf\u00edo mundial que implica contar con sistemas constructivos sustentables.<\/p>\n<p style=\"text-align: justify;\">Esta asociaci\u00f3n contar\u00e1 con una inversi\u00f3n inicial de US$6 millones, partiendo en Chile y buscando fortalecer el mercado nacional y Latinoamericano.<\/p>\n<p style=\"text-align: justify;\">Lo anterior se concret\u00f3 en una ceremonia de firma encabezada por Roberto Angelini, Vicepresidente del Directorio de Arauco, Mat\u00edas Domeyko, Vicepresidente Ejecutivo de Arauco, Jean-Louis de Cartier de Marchienne, Presidente de Etex Group y Paul Van Oyen, Gerente General de Etex Group, junto a ejecutivos de ambas compa\u00f1\u00edas.<\/p>\n<p style=\"text-align: justify;\">Chile hoy cuenta con diversas iniciativas para fortalecer la construcci\u00f3n en madera. Esta asociaci\u00f3n ser\u00e1 un paso adelante en la industrializaci\u00f3n de la construcci\u00f3n y generar\u00e1 una oferta para responder a las complejidades y desaf\u00edos del futuro.<\/p>\n<p style=\"text-align: justify;\">\u201cEsta alianza est\u00e1 en l\u00ednea con el quehacer de ARAUCO y el desaf\u00edo de robustecer la industria con soluciones constructivas en madera que sean sustentables y aporten a la calidad de vida de las personas. Tambi\u00e9n responde a las nuevas oportunidades que nuestra compa\u00f1\u00eda ha visualizado en el \u00faltimo tiempo, y en ese sentido, qu\u00e9 mejor que hacerlo junto a una empresa de gran experiencia y presencia en m\u00e1s de 40 pa\u00edses del mundo\u201d, asegur\u00f3 Mat\u00edas Domeyko, Vicepresidente Ejecutivo de ARAUCO.<\/p>\n<p style=\"text-align: justify;\">Desde ETEX su Gerente General de Latinoam\u00e9rica Cristian Montes se\u00f1al\u00f3 \u201cEste joint-venture reforzar\u00e1 la estrategia de fortalecer el conjunto de soluciones para promover la construcci\u00f3n en seco en todo el mundo. Etex, como experto global en construcci\u00f3n en seco, combina un inigualable conocimiento t\u00e9cnico con una presencia local para desarrollar soluciones, que permitan mejorar la construcci\u00f3n del futuro\u201d.<\/p>\n<p style=\"text-align: justify;\">Finalmente la operaci\u00f3n est\u00e1 sujeta a condiciones habituales en este tipo de negocios, y entre ellas, a la aprobaci\u00f3n previa por parte de la Fiscal\u00eda Nacional Econ\u00f3mica. La notificaci\u00f3n respectiva ya ha sido realizada ante esta autoridad de la libre competencia.<\/p>\n","protected":false},"excerpt":{"rendered":"<p>Yungay, lunes 09 de octubre 2017: ARAUCO y ETEX firmaron un acuerdo con el objeto de asociarse para mejorar la habitabilidad y sustentabilidad de la construcci\u00f3n, innovando a trav\u00e9s del desarrollo de soluciones constructivas&#46;&#46;&#46;<\/p>\n","protected":false},"author":2,"featured_media":18444,"comment_status":"open","ping_status":"open","sticky":false,"template":"","format":"standard","meta":{"footnotes":""},"categories":[1],"tags":[350,1115,8,6,117],"class_list":["post-18443","post","type-post","status-publish","format-standard","has-post-thumbnail","hentry","category-noticias","tag-arauco","tag-noticias","tag-yungay","tag-yungayino","tag-yungayinocl"],"_links":{"self":[{"href":"https:\/\/www.yungayino.cl\/noticias\/index.php?rest_route=\/wp\/v2\/posts\/18443","targetHints":{"allow":["GET"]}}],"collection":[{"href":"https:\/\/www.yungayino.cl\/noticias\/index.php?rest_route=\/wp\/v2\/posts"}],"about":[{"href":"https:\/\/www.yungayino.cl\/noticias\/index.php?rest_route=\/wp\/v2\/types\/post"}],"author":[{"embeddable":true,"href":"https:\/\/www.yungayino.cl\/noticias\/index.php?rest_route=\/wp\/v2\/users\/2"}],"replies":[{"embeddable":true,"href":"https:\/\/www.yungayino.cl\/noticias\/index.php?rest_route=%2Fwp%2Fv2%2Fcomments&post=18443"}],"version-history":[{"count":1,"href":"https:\/\/www.yungayino.cl\/noticias\/index.php?rest_route=\/wp\/v2\/posts\/18443\/revisions"}],"predecessor-version":[{"id":18445,"href":"https:\/\/www.yungayino.cl\/noticias\/index.php?rest_route=\/wp\/v2\/posts\/18443\/revisions\/18445"}],"wp:featuredmedia":[{"embeddable":true,"href":"https:\/\/www.yungayino.cl\/noticias\/index.php?rest_route=\/wp\/v2\/media\/18444"}],"wp:attachment":[{"href":"https:\/\/www.yungayino.cl\/noticias\/index.php?rest_route=%2Fwp%2Fv2%2Fmedia&parent=18443"}],"wp:term":[{"taxonomy":"category","embeddable":true,"href":"https:\/\/www.yungayino.cl\/noticias\/index.php?rest_route=%2Fwp%2Fv2%2Fcategories&post=18443"},{"taxonomy":"post_tag","embeddable":true,"href":"https:\/\/www.yungayino.cl\/noticias\/index.php?rest_route=%2Fwp%2Fv2%2Ftags&post=18443"}],"curies":[{"name":"wp","href":"https:\/\/api.w.org\/{rel}","templated":true}]}}