{"id":18465,"date":"2017-10-11T11:00:43","date_gmt":"2017-10-11T14:00:43","guid":{"rendered":"http:\/\/www.yungayino.cl\/noticias\/?p=18465"},"modified":"2017-10-11T12:28:15","modified_gmt":"2017-10-11T15:28:15","slug":"municipalidad-de-yungay-conmemoro-el-dia-internacional-del-adulto-mayor","status":"publish","type":"post","link":"https:\/\/www.yungayino.cl\/noticias\/?p=18465","title":{"rendered":"Municipalidad de Yungay Conmemor\u00f3 el D\u00eda Internacional del Adulto Mayor"},"content":{"rendered":"<p><img loading=\"lazy\" decoding=\"async\" class=\"alignnone size-full wp-image-18466\" src=\"http:\/\/www.yungayino.cl\/noticias\/wp-content\/uploads\/2017\/10\/dia_adultos_mayores_2017.jpg\" alt=\"\" width=\"700\" height=\"350\" srcset=\"https:\/\/www.yungayino.cl\/noticias\/wp-content\/uploads\/2017\/10\/dia_adultos_mayores_2017.jpg 700w, https:\/\/www.yungayino.cl\/noticias\/wp-content\/uploads\/2017\/10\/dia_adultos_mayores_2017-300x150.jpg 300w\" sizes=\"auto, (max-width: 700px) 100vw, 700px\" \/><\/p>\n<p style=\"text-align: justify;\">Yungay, mi\u00e9rcoles 11 de octubre 2017: Como es tradicional la Ilustre Municipalidad de Yungay organiz\u00f3 un almuerzo con motivo de la celebraci\u00f3n de \u201cD\u00eda Internacional del Adulto Mayor\u201d, celebraci\u00f3n que fue decretada por la ONU en el a\u00f1o 1990.<\/p>\n<p style=\"text-align: justify;\"><iframe loading=\"lazy\" style=\"border: none; overflow: hidden;\" src=\"https:\/\/www.facebook.com\/plugins\/post.php?href=https:\/\/www.facebook.com\/media\/set\/?set=a.1844422708906093.1073743152.159561284058919&amp;type=1&amp;l=2bb7c3bbca&amp;l=a77e327dc6&amp;l=f5951f1994&amp;l=bfecbb8adf&amp;l=687b6bf5da&amp;width=500&amp;show_text=true&amp;height=691&amp;appId\" width=\"500\" height=\"691\" frameborder=\"0\" scrolling=\"no\"><\/iframe><\/p>\n<p style=\"text-align: justify;\">La jornada de celebraci\u00f3n se llev\u00f3 a cabo el pasado viernes 06 de octubre en las dependencias del Gimnasio Multiuso, la cual cont\u00f3 con una masiva convocatoria de los diferentes clubes de adultos mayores del sector rural y urbano de la comuna.<\/p>\n<p style=\"text-align: justify;\">En la ocasi\u00f3n los adultos mayores de nuestra comuna disfrutaron activamente de la jornada, donde compartieron, bailaron, adem\u00e1s de recibir regalos y sorpresas. La jornada estuvo liderada por el alcalde Rafael Cifuentes, qui\u00e9n entreg\u00f3 un gran saludo de aliento y reiter\u00f3 el compromiso del municipio con todos los adultos mayores de nuestra comuna.<\/p>\n<p style=\"text-align: justify;\">Finalmente los cientos de adultos mayores que asistieron disfrutaron del show del Grupo Ranchero \u201cLos Halcones Negros\u201d de Yungay.<\/p>\n<p style=\"text-align: justify;\">[su_button url=\u00bbhttps:\/\/www.facebook.com\/media\/set\/?set=a.1844422708906093.1073743152.159561284058919&amp;type=1&amp;l=2bb7c3bbca\u00bb target=\u00bbblank\u00bb size=\u00bb7&#8243; radius=\u00bbround\u00bb icon=\u00bbicon: facebook-square\u00bb]FOTOGRAF\u00cdAS &#8211; Municipalidad de Yungay Conmemor\u00f3 el D\u00eda Internacional del Adulto Mayor[\/su_button]<\/p>\n","protected":false},"excerpt":{"rendered":"<p>Yungay, mi\u00e9rcoles 11 de octubre 2017: Como es tradicional la Ilustre Municipalidad de Yungay organiz\u00f3 un almuerzo con motivo de la celebraci\u00f3n de \u201cD\u00eda Internacional del Adulto Mayor\u201d, celebraci\u00f3n que fue decretada por la&#46;&#46;&#46;<\/p>\n","protected":false},"author":2,"featured_media":18466,"comment_status":"open","ping_status":"open","sticky":false,"template":"","format":"standard","meta":{"footnotes":""},"categories":[5,1],"tags":[57,1115,8,6,117],"class_list":["post-18465","post","type-post","status-publish","format-standard","has-post-thumbnail","hentry","category-eventos","category-noticias","tag-adultos-mayores","tag-noticias","tag-yungay","tag-yungayino","tag-yungayinocl"],"_links":{"self":[{"href":"https:\/\/www.yungayino.cl\/noticias\/index.php?rest_route=\/wp\/v2\/posts\/18465","targetHints":{"allow":["GET"]}}],"collection":[{"href":"https:\/\/www.yungayino.cl\/noticias\/index.php?rest_route=\/wp\/v2\/posts"}],"about":[{"href":"https:\/\/www.yungayino.cl\/noticias\/index.php?rest_route=\/wp\/v2\/types\/post"}],"author":[{"embeddable":true,"href":"https:\/\/www.yungayino.cl\/noticias\/index.php?rest_route=\/wp\/v2\/users\/2"}],"replies":[{"embeddable":true,"href":"https:\/\/www.yungayino.cl\/noticias\/index.php?rest_route=%2Fwp%2Fv2%2Fcomments&post=18465"}],"version-history":[{"count":3,"href":"https:\/\/www.yungayino.cl\/noticias\/index.php?rest_route=\/wp\/v2\/posts\/18465\/revisions"}],"predecessor-version":[{"id":18472,"href":"https:\/\/www.yungayino.cl\/noticias\/index.php?rest_route=\/wp\/v2\/posts\/18465\/revisions\/18472"}],"wp:featuredmedia":[{"embeddable":true,"href":"https:\/\/www.yungayino.cl\/noticias\/index.php?rest_route=\/wp\/v2\/media\/18466"}],"wp:attachment":[{"href":"https:\/\/www.yungayino.cl\/noticias\/index.php?rest_route=%2Fwp%2Fv2%2Fmedia&parent=18465"}],"wp:term":[{"taxonomy":"category","embeddable":true,"href":"https:\/\/www.yungayino.cl\/noticias\/index.php?rest_route=%2Fwp%2Fv2%2Fcategories&post=18465"},{"taxonomy":"post_tag","embeddable":true,"href":"https:\/\/www.yungayino.cl\/noticias\/index.php?rest_route=%2Fwp%2Fv2%2Ftags&post=18465"}],"curies":[{"name":"wp","href":"https:\/\/api.w.org\/{rel}","templated":true}]}}