{"id":18469,"date":"2017-10-11T12:00:35","date_gmt":"2017-10-11T15:00:35","guid":{"rendered":"http:\/\/www.yungayino.cl\/noticias\/?p=18469"},"modified":"2017-10-11T13:03:45","modified_gmt":"2017-10-11T16:03:45","slug":"comunidad-de-pangal-del-laja-realizo-4version-del-festival-de-la-callampa-2017","status":"publish","type":"post","link":"https:\/\/www.yungayino.cl\/noticias\/?p=18469","title":{"rendered":"Comunidad de Pangal del Laja Realiz\u00f3 \u201c4\u00b0Versi\u00f3n del Festival de la Callampa 2017\u201d"},"content":{"rendered":"<p><img loading=\"lazy\" decoding=\"async\" class=\"alignnone size-full wp-image-18470\" src=\"http:\/\/www.yungayino.cl\/noticias\/wp-content\/uploads\/2017\/10\/fiesta_callampa_201710.jpg\" alt=\"\" width=\"700\" height=\"348\" srcset=\"https:\/\/www.yungayino.cl\/noticias\/wp-content\/uploads\/2017\/10\/fiesta_callampa_201710.jpg 700w, https:\/\/www.yungayino.cl\/noticias\/wp-content\/uploads\/2017\/10\/fiesta_callampa_201710-300x149.jpg 300w, https:\/\/www.yungayino.cl\/noticias\/wp-content\/uploads\/2017\/10\/fiesta_callampa_201710-302x150.jpg 302w\" sizes=\"auto, (max-width: 700px) 100vw, 700px\" \/><\/p>\n<p style=\"text-align: justify;\">Yungay, mi\u00e9rcoles 11 de octubre 2017: La Junta de Vecinos de Pangal del Laja realiz\u00f3 los d\u00edas 7 y 8 de Octubre en el Sal\u00f3n Comunitario la \u201c4\u00b0Versi\u00f3n del Festival de la Callampa\u201d, al cual asistieron una gran cantidad de vecinos y visitantes para apoyar el rescate de esta tradicional y silenciosa labor de recolecci\u00f3n de callampas que se realiza en los bosques de la zona Pangalina.<\/p>\n<p style=\"text-align: justify;\"><iframe loading=\"lazy\" style=\"border: none; overflow: hidden;\" src=\"https:\/\/www.facebook.com\/plugins\/post.php?href=https:\/\/www.facebook.com\/media\/set\/?set=a.1844440872237610.1073743154.159561284058919&amp;type=1&amp;l=dfdc5191fc&amp;l=a77e327dc6&amp;l=f5951f1994&amp;l=bfecbb8adf&amp;l=687b6bf5da&amp;width=500&amp;show_text=true&amp;height=691&amp;appId\" width=\"500\" height=\"691\" frameborder=\"0\" scrolling=\"no\"><\/iframe><\/p>\n<p style=\"text-align: justify;\">Durante estos dos d\u00edas de fiesta el p\u00fablico que asisti\u00f3 pudo compartir de un grato ambiente familiar, adem\u00e1s de disfrutar de platos preparados con base de salsas de callampas, adem\u00e1s de otros ricos alimentos como las empanadas, champi\u00f1ones fritos, etc.<\/p>\n<p style=\"text-align: justify;\">Finalmente el Presidente de la Junta de Vecinos de Pangal del Laja, Juan Ignacio Campos se\u00f1alo al Equipo del Portal Yungayino.cl, sus agradecimientos a todos quienes de una u otra manera apoyaron para que esto resultara bien, manifestando finalmente que en el futuro seguir\u00e1n realizando m\u00e1s actividades en beneficio de la Comunidad de Pangal del Laja y del rescate de la tradiciones campesinas.<\/p>\n<p style=\"text-align: justify;\">[su_button url=\u00bbhttps:\/\/www.facebook.com\/media\/set\/?set=a.1844440872237610.1073743154.159561284058919&amp;type=1&amp;l=dfdc5191fc\u00bb target=\u00bbblank\u00bb size=\u00bb7&#8243; radius=\u00bbround\u00bb icon=\u00bbicon: facebook-square\u00bb]FOTOGRAF\u00cdAS &#8211; Comunidad de Pangal del Laja Realiz\u00f3 \u201c4\u00b0Versi\u00f3n del Festival de la Callampa 2017\u201d[\/su_button]<\/p>\n","protected":false},"excerpt":{"rendered":"<p>Yungay, mi\u00e9rcoles 11 de octubre 2017: La Junta de Vecinos de Pangal del Laja realiz\u00f3 los d\u00edas 7 y 8 de Octubre en el Sal\u00f3n Comunitario la \u201c4\u00b0Versi\u00f3n del Festival de la Callampa\u201d, al&#46;&#46;&#46;<\/p>\n","protected":false},"author":2,"featured_media":18470,"comment_status":"open","ping_status":"open","sticky":false,"template":"","format":"standard","meta":{"footnotes":""},"categories":[5,1],"tags":[902,162,8,6,117],"class_list":["post-18469","post","type-post","status-publish","format-standard","has-post-thumbnail","hentry","category-eventos","category-noticias","tag-fiesta-de-la-callampa","tag-pangal-del-laja","tag-yungay","tag-yungayino","tag-yungayinocl"],"_links":{"self":[{"href":"https:\/\/www.yungayino.cl\/noticias\/index.php?rest_route=\/wp\/v2\/posts\/18469","targetHints":{"allow":["GET"]}}],"collection":[{"href":"https:\/\/www.yungayino.cl\/noticias\/index.php?rest_route=\/wp\/v2\/posts"}],"about":[{"href":"https:\/\/www.yungayino.cl\/noticias\/index.php?rest_route=\/wp\/v2\/types\/post"}],"author":[{"embeddable":true,"href":"https:\/\/www.yungayino.cl\/noticias\/index.php?rest_route=\/wp\/v2\/users\/2"}],"replies":[{"embeddable":true,"href":"https:\/\/www.yungayino.cl\/noticias\/index.php?rest_route=%2Fwp%2Fv2%2Fcomments&post=18469"}],"version-history":[{"count":2,"href":"https:\/\/www.yungayino.cl\/noticias\/index.php?rest_route=\/wp\/v2\/posts\/18469\/revisions"}],"predecessor-version":[{"id":18473,"href":"https:\/\/www.yungayino.cl\/noticias\/index.php?rest_route=\/wp\/v2\/posts\/18469\/revisions\/18473"}],"wp:featuredmedia":[{"embeddable":true,"href":"https:\/\/www.yungayino.cl\/noticias\/index.php?rest_route=\/wp\/v2\/media\/18470"}],"wp:attachment":[{"href":"https:\/\/www.yungayino.cl\/noticias\/index.php?rest_route=%2Fwp%2Fv2%2Fmedia&parent=18469"}],"wp:term":[{"taxonomy":"category","embeddable":true,"href":"https:\/\/www.yungayino.cl\/noticias\/index.php?rest_route=%2Fwp%2Fv2%2Fcategories&post=18469"},{"taxonomy":"post_tag","embeddable":true,"href":"https:\/\/www.yungayino.cl\/noticias\/index.php?rest_route=%2Fwp%2Fv2%2Ftags&post=18469"}],"curies":[{"name":"wp","href":"https:\/\/api.w.org\/{rel}","templated":true}]}}