{"id":18498,"date":"2017-10-25T18:00:39","date_gmt":"2017-10-25T21:00:39","guid":{"rendered":"http:\/\/www.yungayino.cl\/noticias\/?p=18498"},"modified":"2017-10-25T19:35:19","modified_gmt":"2017-10-25T22:35:19","slug":"liceo-a-17-de-yungay-celebra-174-anos-de-vida","status":"publish","type":"post","link":"https:\/\/www.yungayino.cl\/noticias\/?p=18498","title":{"rendered":"Liceo A &#8211; 17 de Yungay Celebra 174 A\u00f1os de Vida"},"content":{"rendered":"<p><img loading=\"lazy\" decoding=\"async\" class=\"alignnone size-full wp-image-18499\" src=\"http:\/\/www.yungayino.cl\/noticias\/wp-content\/uploads\/2017\/10\/liceo_yungay_desfile.jpg\" alt=\"\" width=\"700\" height=\"362\" srcset=\"https:\/\/www.yungayino.cl\/noticias\/wp-content\/uploads\/2017\/10\/liceo_yungay_desfile.jpg 700w, https:\/\/www.yungayino.cl\/noticias\/wp-content\/uploads\/2017\/10\/liceo_yungay_desfile-300x155.jpg 300w, https:\/\/www.yungayino.cl\/noticias\/wp-content\/uploads\/2017\/10\/liceo_yungay_desfile-290x150.jpg 290w\" sizes=\"auto, (max-width: 700px) 100vw, 700px\" \/><\/p>\n<p style=\"text-align: justify;\">Yungay, mi\u00e9rcoles 25 de octubre 2017: Frente a la Plaza Iquique se llev\u00f3 a cabo una emotiva ceremonia de Aniversario de los 174 a\u00f1os de vida del Liceo A -17 de Yungay. Este evento cont\u00f3 con la presencia del alcalde Rafael Cifuentes, concejales, autoridades, directivos, docentes, padres, apoderados, alumnos y alumnas.<\/p>\n<p style=\"text-align: justify;\">En la ocasi\u00f3n se cont\u00f3 con la participaci\u00f3n art\u00edstica del Coro del Liceo, adem\u00e1s tambi\u00e9n los alumnos entregaron de manera simb\u00f3lica al director de equipamiento fabricados por ellos con material reciclables para ser utilizado en el Liceo.<\/p>\n<p style=\"text-align: justify;\"><iframe loading=\"lazy\" style=\"border: none; overflow: hidden;\" src=\"https:\/\/www.facebook.com\/plugins\/post.php?href=https:\/\/www.facebook.com\/media\/set\/?set=a.1858793887468975.1073743158.159561284058919&amp;type=1&amp;l=ac75f84ee5&amp;l=a77e327dc6&amp;l=f5951f1994&amp;l=bfecbb8adf&amp;l=687b6bf5da&amp;width=500&amp;show_text=true&amp;height=691&amp;appId\" width=\"500\" height=\"691\" frameborder=\"0\" scrolling=\"no\"><\/iframe><\/p>\n<p style=\"text-align: justify;\">En la ocasi\u00f3n su actual Director Sergio Villalobos se\u00f1alo, estar muy orgulloso de formar parte de este establecimiento se\u00f1alando en su discurso los grandes logros obtenidos por el Liceo en estos \u00faltimos a\u00f1os, adem\u00e1s destac\u00f3 seguir trabajando todos unidos, y as\u00ed seguir fomentando y entregando una buena calidad en la educaci\u00f3n para los j\u00f3venes de nuestra comuna.<\/p>\n<p style=\"text-align: justify;\">Mat\u00edas Casanueva, Presidente del Centro de Alumnos, destac\u00f3 las diferentes actividades que se han realizado durante este aniversario con la participaci\u00f3n activa de los alumnos de cada alianza, adem\u00e1s reiter\u00f3 su llamado a las autoridades para que se concrete luego la reconstrucci\u00f3n de su Liceo.<\/p>\n<p style=\"text-align: justify;\">Finalmente el acto concluy\u00f3 con un desfile, el cual cont\u00f3 con la participaci\u00f3n de la Banda de Guerra liderada por su instructor H\u00e9ctor Lagos, para luego compartir un c\u00f3ctel en las dependencias del Internado.<\/p>\n<p style=\"text-align: justify;\">[su_button url=\u00bbhttps:\/\/www.facebook.com\/media\/set\/?set=a.1858793887468975.1073743158.159561284058919&amp;type=1&amp;l=ac75f84ee5&#8243; target=\u00bbblank\u00bb size=\u00bb7&#8243; radius=\u00bbround\u00bb icon=\u00bbicon: facebook-square\u00bb]FOTOGRAF\u00cdAS &#8211; Liceo A &#8211; 17 de Yungay Celebra 174 A\u00f1os de Vida[\/su_button]<\/p>\n","protected":false},"excerpt":{"rendered":"<p>Yungay, mi\u00e9rcoles 25 de octubre 2017: Frente a la Plaza Iquique se llev\u00f3 a cabo una emotiva ceremonia de Aniversario de los 174 a\u00f1os de vida del Liceo A -17 de Yungay. Este evento&#46;&#46;&#46;<\/p>\n","protected":false},"author":2,"featured_media":18499,"comment_status":"closed","ping_status":"open","sticky":false,"template":"","format":"standard","meta":{"footnotes":""},"categories":[1],"tags":[298,89,1115,8,6,117],"class_list":["post-18498","post","type-post","status-publish","format-standard","has-post-thumbnail","hentry","category-noticias","tag-aniversario","tag-liceo-yungay","tag-noticias","tag-yungay","tag-yungayino","tag-yungayinocl"],"_links":{"self":[{"href":"https:\/\/www.yungayino.cl\/noticias\/index.php?rest_route=\/wp\/v2\/posts\/18498","targetHints":{"allow":["GET"]}}],"collection":[{"href":"https:\/\/www.yungayino.cl\/noticias\/index.php?rest_route=\/wp\/v2\/posts"}],"about":[{"href":"https:\/\/www.yungayino.cl\/noticias\/index.php?rest_route=\/wp\/v2\/types\/post"}],"author":[{"embeddable":true,"href":"https:\/\/www.yungayino.cl\/noticias\/index.php?rest_route=\/wp\/v2\/users\/2"}],"replies":[{"embeddable":true,"href":"https:\/\/www.yungayino.cl\/noticias\/index.php?rest_route=%2Fwp%2Fv2%2Fcomments&post=18498"}],"version-history":[{"count":2,"href":"https:\/\/www.yungayino.cl\/noticias\/index.php?rest_route=\/wp\/v2\/posts\/18498\/revisions"}],"predecessor-version":[{"id":18501,"href":"https:\/\/www.yungayino.cl\/noticias\/index.php?rest_route=\/wp\/v2\/posts\/18498\/revisions\/18501"}],"wp:featuredmedia":[{"embeddable":true,"href":"https:\/\/www.yungayino.cl\/noticias\/index.php?rest_route=\/wp\/v2\/media\/18499"}],"wp:attachment":[{"href":"https:\/\/www.yungayino.cl\/noticias\/index.php?rest_route=%2Fwp%2Fv2%2Fmedia&parent=18498"}],"wp:term":[{"taxonomy":"category","embeddable":true,"href":"https:\/\/www.yungayino.cl\/noticias\/index.php?rest_route=%2Fwp%2Fv2%2Fcategories&post=18498"},{"taxonomy":"post_tag","embeddable":true,"href":"https:\/\/www.yungayino.cl\/noticias\/index.php?rest_route=%2Fwp%2Fv2%2Ftags&post=18498"}],"curies":[{"name":"wp","href":"https:\/\/api.w.org\/{rel}","templated":true}]}}