{"id":1850,"date":"2009-09-08T20:00:36","date_gmt":"2009-09-09T00:00:36","guid":{"rendered":"http:\/\/www.yungayino.cl\/noticias\/?p=1850"},"modified":"2009-09-10T23:54:50","modified_gmt":"2009-09-11T03:54:50","slug":"denuncia-a-la-fiscalia-por-presuntos-abusos-sexuales-de-menores-en-yungay","status":"publish","type":"post","link":"https:\/\/www.yungayino.cl\/noticias\/?p=1850","title":{"rendered":"Denuncia a la Fiscal\u00eda por Presuntos Abusos Sexuales de Menores en Yungay"},"content":{"rendered":"<p><img decoding=\"async\" src=\"http:\/\/www.yungayino.cl\/imagenes\/fiscaliayungay.jpg\" alt=\"Fiscal\u00eda de Yungay\" \/><\/p>\n<p align=\"justify\"><font size=\"2\">Yungay 08 de septiembre, una denuncia a la Fiscal\u00eda realizo el Director de la Escuela Fernando Baquedano por el presunto abuso sexual a menores del cuarto a\u00f1o b\u00e1sico de dicho establecimiento educacional, qui\u00e9n supuestamente habr\u00eda cometido un  profesor que prestaba servicios de reemplazo en el \u00e1rea de Religi\u00f3n. De acuerdo a la versi\u00f3n entregada por el Director, el hecho fue denunciado por una profesora del curso instada por los alumnos afectados, quienes en su versi\u00f3n entregada detallaron los presuntos hechos ocurridos en la sala de clases. En una entrevista realizada al Fiscal Mario Lobos, se\u00f1alo la veracidad de la denuncia realizada y que se encuentra en la etapa de investigaci\u00f3n.<br \/>\n<a href=\"http:\/\/www.yungayino.cl\/noticias\/?p=1850#comments\">Comente Aqu\u00ed<br \/>\n<object width=\"425\" height=\"344\"><param name=\"movie\" value=\"http:\/\/www.youtube.com\/v\/SfTpj3u7C5A&#038;rel=0&#038;egm=0&#038;hl=es&#038;fs=1&#038;\"><\/param><param name=\"allowFullScreen\" value=\"true\"><\/param><param name=\"allowscriptaccess\" value=\"always\"><\/param><embed src=\"http:\/\/www.youtube.com\/v\/SfTpj3u7C5A&#038;rel=0&#038;egm=0&#038;hl=es&#038;fs=1&#038;\" type=\"application\/x-shockwave-flash\" allowscriptaccess=\"always\" allowfullscreen=\"true\" width=\"425\" height=\"344\"><\/embed><\/object><\/a><\/font><\/p>\n","protected":false},"excerpt":{"rendered":"<p>Yungay 08 de septiembre, una denuncia a la Fiscal\u00eda realizo el Director de la Escuela Fernando Baquedano por el presunto abuso sexual a menores del cuarto a\u00f1o b\u00e1sico de dicho establecimiento educacional, qui\u00e9n supuestamente&#46;&#46;&#46;<\/p>\n","protected":false},"author":2,"featured_media":15097,"comment_status":"open","ping_status":"open","sticky":false,"template":"","format":"standard","meta":{"footnotes":""},"categories":[1],"tags":[1115,8,6],"class_list":["post-1850","post","type-post","status-publish","format-standard","has-post-thumbnail","hentry","category-noticias","tag-noticias","tag-yungay","tag-yungayino"],"_links":{"self":[{"href":"https:\/\/www.yungayino.cl\/noticias\/index.php?rest_route=\/wp\/v2\/posts\/1850","targetHints":{"allow":["GET"]}}],"collection":[{"href":"https:\/\/www.yungayino.cl\/noticias\/index.php?rest_route=\/wp\/v2\/posts"}],"about":[{"href":"https:\/\/www.yungayino.cl\/noticias\/index.php?rest_route=\/wp\/v2\/types\/post"}],"author":[{"embeddable":true,"href":"https:\/\/www.yungayino.cl\/noticias\/index.php?rest_route=\/wp\/v2\/users\/2"}],"replies":[{"embeddable":true,"href":"https:\/\/www.yungayino.cl\/noticias\/index.php?rest_route=%2Fwp%2Fv2%2Fcomments&post=1850"}],"version-history":[{"count":24,"href":"https:\/\/www.yungayino.cl\/noticias\/index.php?rest_route=\/wp\/v2\/posts\/1850\/revisions"}],"predecessor-version":[{"id":1899,"href":"https:\/\/www.yungayino.cl\/noticias\/index.php?rest_route=\/wp\/v2\/posts\/1850\/revisions\/1899"}],"wp:featuredmedia":[{"embeddable":true,"href":"https:\/\/www.yungayino.cl\/noticias\/index.php?rest_route=\/wp\/v2\/media\/15097"}],"wp:attachment":[{"href":"https:\/\/www.yungayino.cl\/noticias\/index.php?rest_route=%2Fwp%2Fv2%2Fmedia&parent=1850"}],"wp:term":[{"taxonomy":"category","embeddable":true,"href":"https:\/\/www.yungayino.cl\/noticias\/index.php?rest_route=%2Fwp%2Fv2%2Fcategories&post=1850"},{"taxonomy":"post_tag","embeddable":true,"href":"https:\/\/www.yungayino.cl\/noticias\/index.php?rest_route=%2Fwp%2Fv2%2Ftags&post=1850"}],"curies":[{"name":"wp","href":"https:\/\/api.w.org\/{rel}","templated":true}]}}