{"id":18502,"date":"2017-10-26T16:00:04","date_gmt":"2017-10-26T19:00:04","guid":{"rendered":"http:\/\/www.yungayino.cl\/noticias\/?p=18502"},"modified":"2017-10-26T20:46:05","modified_gmt":"2017-10-26T23:46:05","slug":"carabineros-de-yungay-realizo-taller-sobre-conducta-vial-y-uso-de-las-vias-publicas-al-colegio-cholguan","status":"publish","type":"post","link":"https:\/\/www.yungayino.cl\/noticias\/?p=18502","title":{"rendered":"Carabineros de Yungay Realiz\u00f3 Taller Sobre \u201cConducta Vial y Uso de las V\u00edas P\u00fablicas\u201d al Colegio Cholgu\u00e1n"},"content":{"rendered":"<p><img loading=\"lazy\" decoding=\"async\" class=\"alignnone size-full wp-image-18503\" src=\"http:\/\/www.yungayino.cl\/noticias\/wp-content\/uploads\/2017\/10\/carabineros_charla_201710.jpg\" alt=\"\" width=\"700\" height=\"350\" srcset=\"https:\/\/www.yungayino.cl\/noticias\/wp-content\/uploads\/2017\/10\/carabineros_charla_201710.jpg 700w, https:\/\/www.yungayino.cl\/noticias\/wp-content\/uploads\/2017\/10\/carabineros_charla_201710-300x150.jpg 300w\" sizes=\"auto, (max-width: 700px) 100vw, 700px\" \/><\/p>\n<p style=\"text-align: justify;\">Yungay, jueves 26 de octubre 2017: Carabineros de la Cuarta Comisar\u00eda de Yungay liderada por el Suboficial Mayor Juan Carlos Espinoza, Encargado de la Oficina de Asuntos Comunitarios, realiz\u00f3 un importante Taller Sobre \u201c<strong>Conducta Vial y Uso de las V\u00edas P\u00fablicas\u201d<\/strong> al Colegio Cholgu\u00e1n.<\/p>\n<p style=\"text-align: justify;\"><iframe loading=\"lazy\" style=\"border: none; overflow: hidden;\" src=\"https:\/\/www.facebook.com\/plugins\/post.php?href=https:\/\/www.facebook.com\/media\/set\/?set=a.1859901600691537.1073743159.159561284058919&amp;type=1&amp;l=63e9d3d390&amp;l=a77e327dc6&amp;l=f5951f1994&amp;l=bfecbb8adf&amp;l=687b6bf5da&amp;width=500&amp;show_text=true&amp;height=691&amp;appId\" width=\"500\" height=\"691\" frameborder=\"0\" scrolling=\"no\"><\/iframe><\/p>\n<p style=\"text-align: justify;\">La jornada se realiz\u00f3 el pasado lunes 23 de octubre a partir de las 14:00 horas, donde se cont\u00f3 con la activa participaci\u00f3n de 20 alumnos pertenecientes a la Brigada Escolar Integral, adem\u00e1s de la Rectora y Profesores Monitores.<\/p>\n<p style=\"text-align: justify;\">Finalmente el Suboficial Mayor,<strong> Juan Carlos Espinoza <\/strong>se\u00f1al\u00f3 al Equipo del Portal Yungayino.cl que la actividad contempl\u00f3 materias inherentes al uso de la v\u00edas p\u00fablicas, conducta vial y conocimiento de se\u00f1ales de tr\u00e1nsito con la finalidad de que los alumnos repliquen con sus pares en el colegio a fin de evitar accidentes en el tr\u00e1nsito, m\u00e1s a\u00fan que este colegio se ubica en una v\u00eda rural de alto tr\u00e1fico de veh\u00edculos motorizados livianos y pesados como camiones y buses.<\/p>\n<p style=\"text-align: justify;\">[su_button url=\u00bbhttps:\/\/www.facebook.com\/media\/set\/?set=a.1859901600691537.1073743159.159561284058919&amp;type=1&amp;l=63e9d3d390&#8243; target=\u00bbblank\u00bb size=\u00bb7&#8243; radius=\u00bbround\u00bb icon=\u00bbicon: facebook-square\u00bb]FOTOGRAF\u00cdAS &#8211; Carabineros de Yungay Realiz\u00f3 Taller Sobre \u201cConducta Vial y Uso de las V\u00edas P\u00fablicas\u201d al Colegio Cholgu\u00e1n[\/su_button]<\/p>\n","protected":false},"excerpt":{"rendered":"<p>Yungay, jueves 26 de octubre 2017: Carabineros de la Cuarta Comisar\u00eda de Yungay liderada por el Suboficial Mayor Juan Carlos Espinoza, Encargado de la Oficina de Asuntos Comunitarios, realiz\u00f3 un importante Taller Sobre \u201cConducta&#46;&#46;&#46;<\/p>\n","protected":false},"author":2,"featured_media":18503,"comment_status":"closed","ping_status":"open","sticky":false,"template":"","format":"standard","meta":{"footnotes":""},"categories":[1],"tags":[25,1636,87,1115,8,6,117],"class_list":["post-18502","post","type-post","status-publish","format-standard","has-post-thumbnail","hentry","category-noticias","tag-carabineros","tag-charla","tag-colegio-cholguan","tag-noticias","tag-yungay","tag-yungayino","tag-yungayinocl"],"_links":{"self":[{"href":"https:\/\/www.yungayino.cl\/noticias\/index.php?rest_route=\/wp\/v2\/posts\/18502","targetHints":{"allow":["GET"]}}],"collection":[{"href":"https:\/\/www.yungayino.cl\/noticias\/index.php?rest_route=\/wp\/v2\/posts"}],"about":[{"href":"https:\/\/www.yungayino.cl\/noticias\/index.php?rest_route=\/wp\/v2\/types\/post"}],"author":[{"embeddable":true,"href":"https:\/\/www.yungayino.cl\/noticias\/index.php?rest_route=\/wp\/v2\/users\/2"}],"replies":[{"embeddable":true,"href":"https:\/\/www.yungayino.cl\/noticias\/index.php?rest_route=%2Fwp%2Fv2%2Fcomments&post=18502"}],"version-history":[{"count":2,"href":"https:\/\/www.yungayino.cl\/noticias\/index.php?rest_route=\/wp\/v2\/posts\/18502\/revisions"}],"predecessor-version":[{"id":18505,"href":"https:\/\/www.yungayino.cl\/noticias\/index.php?rest_route=\/wp\/v2\/posts\/18502\/revisions\/18505"}],"wp:featuredmedia":[{"embeddable":true,"href":"https:\/\/www.yungayino.cl\/noticias\/index.php?rest_route=\/wp\/v2\/media\/18503"}],"wp:attachment":[{"href":"https:\/\/www.yungayino.cl\/noticias\/index.php?rest_route=%2Fwp%2Fv2%2Fmedia&parent=18502"}],"wp:term":[{"taxonomy":"category","embeddable":true,"href":"https:\/\/www.yungayino.cl\/noticias\/index.php?rest_route=%2Fwp%2Fv2%2Fcategories&post=18502"},{"taxonomy":"post_tag","embeddable":true,"href":"https:\/\/www.yungayino.cl\/noticias\/index.php?rest_route=%2Fwp%2Fv2%2Ftags&post=18502"}],"curies":[{"name":"wp","href":"https:\/\/api.w.org\/{rel}","templated":true}]}}