{"id":18509,"date":"2017-10-26T19:00:03","date_gmt":"2017-10-26T22:00:03","guid":{"rendered":"http:\/\/www.yungayino.cl\/noticias\/?p=18509"},"modified":"2017-10-26T21:04:04","modified_gmt":"2017-10-27T00:04:04","slug":"con-gran-exito-se-desarrollaron-las-primeras-olimpiadas-de-educacion-especial-en-yungay","status":"publish","type":"post","link":"https:\/\/www.yungayino.cl\/noticias\/?p=18509","title":{"rendered":"Con Gran \u00c9xito se Desarrollaron las Primeras Olimpiadas de Educaci\u00f3n Especial en Yungay"},"content":{"rendered":"<p><img loading=\"lazy\" decoding=\"async\" class=\"alignnone size-full wp-image-18510\" src=\"http:\/\/www.yungayino.cl\/noticias\/wp-content\/uploads\/2017\/10\/olimpiadas_educacion_especial_2017.jpg\" alt=\"\" width=\"700\" height=\"350\" srcset=\"https:\/\/www.yungayino.cl\/noticias\/wp-content\/uploads\/2017\/10\/olimpiadas_educacion_especial_2017.jpg 700w, https:\/\/www.yungayino.cl\/noticias\/wp-content\/uploads\/2017\/10\/olimpiadas_educacion_especial_2017-300x150.jpg 300w\" sizes=\"auto, (max-width: 700px) 100vw, 700px\" \/><\/p>\n<p style=\"text-align: justify;\">Yungay, jueves 26 de octubre 2017: Con gran \u00e9xito se desarrollaron el d\u00eda de hoy en el Gimnasio Multiuso las Primeras Olimpiadas de Educaci\u00f3n Especial, la cual fue organizada por el Programa de Integraci\u00f3n de la Escuela Fernando Baquedano de Yungay.<\/p>\n<p style=\"text-align: justify;\"><iframe loading=\"lazy\" style=\"border: none; overflow: hidden;\" src=\"https:\/\/www.facebook.com\/plugins\/post.php?href=https:\/\/www.facebook.com\/media\/set\/?set=a.1859912967357067.1073743161.159561284058919&amp;type=1&amp;l=74f289c87c&amp;l=a77e327dc6&amp;l=f5951f1994&amp;l=bfecbb8adf&amp;l=687b6bf5da&amp;width=500&amp;show_text=true&amp;height=691&amp;appId\" width=\"500\" height=\"691\" frameborder=\"0\" scrolling=\"no\"><\/iframe><\/p>\n<p style=\"text-align: justify;\">La Jornada se inici\u00f3 con un acto Inaugural a partir de las 10 horas el cual estuvo encabezado por el Director Juan Francisco Troncoso, Concejales y Representantes del Departamento DAEM.<\/p>\n<p style=\"text-align: justify;\">Destacar que participaron alumnos provenientes de Pemuco, El Carmen, Huepil, Tucapel, Polcura y Yungay, quienes participaron de manera activa en todas las competencias preparadas especialmente para ellos.<\/p>\n<p style=\"text-align: justify;\">Finalmente terminadas las competencias se llev\u00f3 a cabo la ceremonia de premiaci\u00f3n, donde la Escuela Especial de Pemuco obtuvo el primer lugar.<\/p>\n<p style=\"text-align: justify;\">[su_button url=\u00bbhttps:\/\/www.facebook.com\/media\/set\/?set=a.1859906927357671.1073743160.159561284058919&amp;type=1&amp;l=7e6e862307&#8243; target=\u00bbblank\u00bb size=\u00bb7&#8243; radius=\u00bbround\u00bb icon=\u00bbicon: facebook-square\u00bb]FOTOGRAF\u00cdAS &#8211; Con Gran \u00c9xito se Desarroll\u00f3 la Primera Olimpiada de Educaci\u00f3n Especial en Yungay[\/su_button]<\/p>\n","protected":false},"excerpt":{"rendered":"<p>Yungay, jueves 26 de octubre 2017: Con gran \u00e9xito se desarrollaron el d\u00eda de hoy en el Gimnasio Multiuso las Primeras Olimpiadas de Educaci\u00f3n Especial, la cual fue organizada por el Programa de Integraci\u00f3n&#46;&#46;&#46;<\/p>\n","protected":false},"author":2,"featured_media":18510,"comment_status":"closed","ping_status":"open","sticky":false,"template":"","format":"standard","meta":{"footnotes":""},"categories":[1493,5,1],"tags":[190,372,1115,1643,30,1642,104,8,6,117],"class_list":["post-18509","post","type-post","status-publish","format-standard","has-post-thumbnail","hentry","category-educacion","category-eventos","category-noticias","tag-escuela-fernando-baquedano","tag-huepil","tag-noticias","tag-olimpiadas-educacion-especial","tag-pemuco","tag-polcura","tag-tucapel","tag-yungay","tag-yungayino","tag-yungayinocl"],"_links":{"self":[{"href":"https:\/\/www.yungayino.cl\/noticias\/index.php?rest_route=\/wp\/v2\/posts\/18509","targetHints":{"allow":["GET"]}}],"collection":[{"href":"https:\/\/www.yungayino.cl\/noticias\/index.php?rest_route=\/wp\/v2\/posts"}],"about":[{"href":"https:\/\/www.yungayino.cl\/noticias\/index.php?rest_route=\/wp\/v2\/types\/post"}],"author":[{"embeddable":true,"href":"https:\/\/www.yungayino.cl\/noticias\/index.php?rest_route=\/wp\/v2\/users\/2"}],"replies":[{"embeddable":true,"href":"https:\/\/www.yungayino.cl\/noticias\/index.php?rest_route=%2Fwp%2Fv2%2Fcomments&post=18509"}],"version-history":[{"count":2,"href":"https:\/\/www.yungayino.cl\/noticias\/index.php?rest_route=\/wp\/v2\/posts\/18509\/revisions"}],"predecessor-version":[{"id":18512,"href":"https:\/\/www.yungayino.cl\/noticias\/index.php?rest_route=\/wp\/v2\/posts\/18509\/revisions\/18512"}],"wp:featuredmedia":[{"embeddable":true,"href":"https:\/\/www.yungayino.cl\/noticias\/index.php?rest_route=\/wp\/v2\/media\/18510"}],"wp:attachment":[{"href":"https:\/\/www.yungayino.cl\/noticias\/index.php?rest_route=%2Fwp%2Fv2%2Fmedia&parent=18509"}],"wp:term":[{"taxonomy":"category","embeddable":true,"href":"https:\/\/www.yungayino.cl\/noticias\/index.php?rest_route=%2Fwp%2Fv2%2Fcategories&post=18509"},{"taxonomy":"post_tag","embeddable":true,"href":"https:\/\/www.yungayino.cl\/noticias\/index.php?rest_route=%2Fwp%2Fv2%2Ftags&post=18509"}],"curies":[{"name":"wp","href":"https:\/\/api.w.org\/{rel}","templated":true}]}}