{"id":18538,"date":"2017-11-02T20:00:12","date_gmt":"2017-11-02T23:00:12","guid":{"rendered":"http:\/\/www.yungayino.cl\/noticias\/?p=18538"},"modified":"2017-11-02T23:00:10","modified_gmt":"2017-11-03T02:00:10","slug":"inauguran-exposicion-en-biblioteca-de-yungay-de-los-pintores-julio-dominguez-y-guido-solar","status":"publish","type":"post","link":"https:\/\/www.yungayino.cl\/noticias\/?p=18538","title":{"rendered":"Inauguran Exposici\u00f3n en Biblioteca de Yungay de los Pintores Julio Dom\u00ednguez y Guido Solar"},"content":{"rendered":"<p><img loading=\"lazy\" decoding=\"async\" class=\"alignnone size-full wp-image-18539\" src=\"http:\/\/www.yungayino.cl\/noticias\/wp-content\/uploads\/2017\/11\/exposicion_pintura_201711.jpg\" alt=\"\" width=\"700\" height=\"350\" srcset=\"https:\/\/www.yungayino.cl\/noticias\/wp-content\/uploads\/2017\/11\/exposicion_pintura_201711.jpg 700w, https:\/\/www.yungayino.cl\/noticias\/wp-content\/uploads\/2017\/11\/exposicion_pintura_201711-300x150.jpg 300w\" sizes=\"auto, (max-width: 700px) 100vw, 700px\" \/>y<\/p>\n<p style=\"text-align: justify;\">Yungay, jueves 02 de noviembre 2017: Desde el pasado 28 de octubre en las dependencias de la Biblioteca Municipal de Yungay, ya se encuentra abierta e inaugurada la exposici\u00f3n de los Pintores Chillanejos Julio Dom\u00ednguez y Guido Solar.<\/p>\n<p style=\"text-align: justify;\"><iframe loading=\"lazy\" style=\"border: none; overflow: hidden;\" src=\"https:\/\/www.facebook.com\/plugins\/post.php?href=https:\/\/www.facebook.com\/media\/set\/?set=a.1867390113276019.1073743165.159561284058919&amp;type=1&amp;l=f7b726f8fa&amp;l=a77e327dc6&amp;l=f5951f1994&amp;l=bfecbb8adf&amp;l=687b6bf5da&amp;width=500&amp;show_text=true&amp;height=691&amp;appId\" width=\"500\" height=\"691\" frameborder=\"0\" scrolling=\"no\"><\/iframe><\/p>\n<p style=\"text-align: justify;\">Pintura y dibujo componen la muestra \u201cPaisaje Ind\u00f3mito\u201d con que ambos artistas comparten su talento con el p\u00fablico de Yungay, donde en total exponen 30 obras, adem\u00e1s de destacar el taller \u201cAutogesti\u00f3n Cultural\u201d, que los artistas impartieron.<\/p>\n<p style=\"text-align: justify;\">Destacar que esta exposici\u00f3n es parte de la segunda etapa del Proyecto de Gesti\u00f3n Cultural de lo que es el nuevo Centro Cultural \u201cCasa Taller\u201d que en la actualidad pasa hacer un Centro de Gesti\u00f3n \u201cCasa Taller\u201d, con el fin de realizar variadas actividades y reunir a los artistas yungayinos en torno a la exposici\u00f3n de arte, y que tambi\u00e9n se puedan ir conociendo entre ellos, ya que dentro de nuestra comuna existen muchos artistas, pero sin embargo no todos se dan a conocer como es el caso de una exposici\u00f3n, y solamente se conocen a trav\u00e9s de los amigos, es por eso que con esta iniciativa se busca o sirve para fomentar lasos para seguir incentivando el arte en nuestra comuna as\u00ed lo se\u00f1alo al Portal Yungayinos.cl el Sr. Esteban Pino, artista y uno de los coordinadores de este evento cultural.<\/p>\n<p style=\"text-align: justify;\">Finalmente destacar que las obras de Julio Dom\u00ednguez y Guido Solar estar\u00e1n en el Sal\u00f3n de la Biblioteca Municipal de Yungay, durante un mes para todo el p\u00fablico.<\/p>\n<p style=\"text-align: justify;\">[su_button url=\u00bbhttps:\/\/www.facebook.com\/media\/set\/?set=a.1867390113276019.1073743165.159561284058919&amp;type=1&amp;l=f7b726f8fa\u00bb target=\u00bbblank\u00bb size=\u00bb7&#8243; radius=\u00bbround\u00bb icon=\u00bbicon: facebook-square\u00bb]FOTOGRAF\u00cdAS &#8211; Inauguran Exposici\u00f3n en Biblioteca de Yungay de los Pintores Julio Dom\u00ednguez y Guido Solar[\/su_button]<\/p>\n","protected":false},"excerpt":{"rendered":"<p>y Yungay, jueves 02 de noviembre 2017: Desde el pasado 28 de octubre en las dependencias de la Biblioteca Municipal de Yungay, ya se encuentra abierta e inaugurada la exposici\u00f3n de los Pintores Chillanejos&#46;&#46;&#46;<\/p>\n","protected":false},"author":2,"featured_media":18539,"comment_status":"closed","ping_status":"open","sticky":false,"template":"","format":"standard","meta":{"footnotes":""},"categories":[1],"tags":[1048,1115,8,6,117],"class_list":["post-18538","post","type-post","status-publish","format-standard","has-post-thumbnail","hentry","category-noticias","tag-exposicion-pintura","tag-noticias","tag-yungay","tag-yungayino","tag-yungayinocl"],"_links":{"self":[{"href":"https:\/\/www.yungayino.cl\/noticias\/index.php?rest_route=\/wp\/v2\/posts\/18538","targetHints":{"allow":["GET"]}}],"collection":[{"href":"https:\/\/www.yungayino.cl\/noticias\/index.php?rest_route=\/wp\/v2\/posts"}],"about":[{"href":"https:\/\/www.yungayino.cl\/noticias\/index.php?rest_route=\/wp\/v2\/types\/post"}],"author":[{"embeddable":true,"href":"https:\/\/www.yungayino.cl\/noticias\/index.php?rest_route=\/wp\/v2\/users\/2"}],"replies":[{"embeddable":true,"href":"https:\/\/www.yungayino.cl\/noticias\/index.php?rest_route=%2Fwp%2Fv2%2Fcomments&post=18538"}],"version-history":[{"count":2,"href":"https:\/\/www.yungayino.cl\/noticias\/index.php?rest_route=\/wp\/v2\/posts\/18538\/revisions"}],"predecessor-version":[{"id":18541,"href":"https:\/\/www.yungayino.cl\/noticias\/index.php?rest_route=\/wp\/v2\/posts\/18538\/revisions\/18541"}],"wp:featuredmedia":[{"embeddable":true,"href":"https:\/\/www.yungayino.cl\/noticias\/index.php?rest_route=\/wp\/v2\/media\/18539"}],"wp:attachment":[{"href":"https:\/\/www.yungayino.cl\/noticias\/index.php?rest_route=%2Fwp%2Fv2%2Fmedia&parent=18538"}],"wp:term":[{"taxonomy":"category","embeddable":true,"href":"https:\/\/www.yungayino.cl\/noticias\/index.php?rest_route=%2Fwp%2Fv2%2Fcategories&post=18538"},{"taxonomy":"post_tag","embeddable":true,"href":"https:\/\/www.yungayino.cl\/noticias\/index.php?rest_route=%2Fwp%2Fv2%2Ftags&post=18538"}],"curies":[{"name":"wp","href":"https:\/\/api.w.org\/{rel}","templated":true}]}}