{"id":18554,"date":"2017-11-13T18:00:06","date_gmt":"2017-11-13T21:00:06","guid":{"rendered":"http:\/\/www.yungayino.cl\/noticias\/?p=18554"},"modified":"2017-11-13T18:45:03","modified_gmt":"2017-11-13T21:45:03","slug":"con-carros-alegoricos-y-comparsas-colegio-nueva-esperanza-de-yungay-celebro-un-nuevo-aniversario","status":"publish","type":"post","link":"https:\/\/www.yungayino.cl\/noticias\/?p=18554","title":{"rendered":"Con Carros Aleg\u00f3ricos y Comparsas Colegio Nueva Esperanza de Yungay Celebr\u00f3 un Nuevo Aniversario"},"content":{"rendered":"<p><img loading=\"lazy\" decoding=\"async\" class=\"alignnone size-full wp-image-18555\" src=\"http:\/\/www.yungayino.cl\/noticias\/wp-content\/uploads\/2017\/11\/nueva_esperanza_aniversario_2017.jpg\" alt=\"\" width=\"700\" height=\"367\" srcset=\"https:\/\/www.yungayino.cl\/noticias\/wp-content\/uploads\/2017\/11\/nueva_esperanza_aniversario_2017.jpg 700w, https:\/\/www.yungayino.cl\/noticias\/wp-content\/uploads\/2017\/11\/nueva_esperanza_aniversario_2017-300x157.jpg 300w, https:\/\/www.yungayino.cl\/noticias\/wp-content\/uploads\/2017\/11\/nueva_esperanza_aniversario_2017-286x150.jpg 286w\" sizes=\"auto, (max-width: 700px) 100vw, 700px\" \/><\/p>\n<p style=\"text-align: justify;\">Yungay, lunes 13 de noviembre 2017: Con carros aleg\u00f3ricos y comparsas el Colegio Nueva Esperanza de Yungay celebr\u00f3 un nuevo aniversario el pasado jueves.<\/p>\n<p style=\"text-align: justify;\"><iframe loading=\"lazy\" style=\"border: none; overflow: hidden;\" src=\"https:\/\/www.facebook.com\/plugins\/post.php?href=https:\/\/www.facebook.com\/media\/set\/?set=a.1878285472186483.1073743169.159561284058919&amp;type=1&amp;l=717ecbf6ee&amp;l=a77e327dc6&amp;l=f5951f1994&amp;l=bfecbb8adf&amp;l=687b6bf5da&amp;width=500&amp;show_text=true&amp;height=691&amp;appId\" width=\"500\" height=\"691\" frameborder=\"0\" scrolling=\"no\"><\/iframe><\/p>\n<p style=\"text-align: justify;\">En esta actividad se representaron distintas culturas, donde se pudo ver a profesores, alumnos, padres y apoderados, por las calles c\u00e9ntricas de nuestra comuna, todos impecablemente con sus vestimentas para la ocasi\u00f3n.<\/p>\n<p style=\"text-align: justify;\">El recorrido finaliz\u00f3 en el Ode\u00f3n de la Plaza Iquique, donde una gran cantidad de p\u00fablico pudo disfrutar de este bonito espect\u00e1culo realizado por toda la Comunidad Escolar del Colegio Nueva Esperanza, la cual se ha convertido en una verdadera tradici\u00f3n esperada por la comunidad yungayina.<\/p>\n<p style=\"text-align: justify;\">[su_button url=\u00bbhttps:\/\/www.facebook.com\/media\/set\/?set=a.1878285472186483.1073743169.159561284058919&amp;type=1&amp;l=717ecbf6ee\u00bb target=\u00bbblank\u00bb size=\u00bb7&#8243; radius=\u00bbround\u00bb icon=\u00bbicon: facebook-square\u00bb]FOTOGRAF\u00cdAS &#8211; Con Carros Aleg\u00f3ricos y Comparsas Colegio Nueva Esperanza de Yungay Celebr\u00f3 un Nuevo Aniversario[\/su_button]<\/p>\n","protected":false},"excerpt":{"rendered":"<p>Yungay, lunes 13 de noviembre 2017: Con carros aleg\u00f3ricos y comparsas el Colegio Nueva Esperanza de Yungay celebr\u00f3 un nuevo aniversario el pasado jueves. En esta actividad se representaron distintas culturas, donde se pudo&#46;&#46;&#46;<\/p>\n","protected":false},"author":2,"featured_media":18555,"comment_status":"closed","ping_status":"open","sticky":false,"template":"","format":"standard","meta":{"footnotes":""},"categories":[1],"tags":[320,1115,8,6,117],"class_list":["post-18554","post","type-post","status-publish","format-standard","has-post-thumbnail","hentry","category-noticias","tag-colegio-nueva-esperanza","tag-noticias","tag-yungay","tag-yungayino","tag-yungayinocl"],"_links":{"self":[{"href":"https:\/\/www.yungayino.cl\/noticias\/index.php?rest_route=\/wp\/v2\/posts\/18554","targetHints":{"allow":["GET"]}}],"collection":[{"href":"https:\/\/www.yungayino.cl\/noticias\/index.php?rest_route=\/wp\/v2\/posts"}],"about":[{"href":"https:\/\/www.yungayino.cl\/noticias\/index.php?rest_route=\/wp\/v2\/types\/post"}],"author":[{"embeddable":true,"href":"https:\/\/www.yungayino.cl\/noticias\/index.php?rest_route=\/wp\/v2\/users\/2"}],"replies":[{"embeddable":true,"href":"https:\/\/www.yungayino.cl\/noticias\/index.php?rest_route=%2Fwp%2Fv2%2Fcomments&post=18554"}],"version-history":[{"count":2,"href":"https:\/\/www.yungayino.cl\/noticias\/index.php?rest_route=\/wp\/v2\/posts\/18554\/revisions"}],"predecessor-version":[{"id":18557,"href":"https:\/\/www.yungayino.cl\/noticias\/index.php?rest_route=\/wp\/v2\/posts\/18554\/revisions\/18557"}],"wp:featuredmedia":[{"embeddable":true,"href":"https:\/\/www.yungayino.cl\/noticias\/index.php?rest_route=\/wp\/v2\/media\/18555"}],"wp:attachment":[{"href":"https:\/\/www.yungayino.cl\/noticias\/index.php?rest_route=%2Fwp%2Fv2%2Fmedia&parent=18554"}],"wp:term":[{"taxonomy":"category","embeddable":true,"href":"https:\/\/www.yungayino.cl\/noticias\/index.php?rest_route=%2Fwp%2Fv2%2Fcategories&post=18554"},{"taxonomy":"post_tag","embeddable":true,"href":"https:\/\/www.yungayino.cl\/noticias\/index.php?rest_route=%2Fwp%2Fv2%2Ftags&post=18554"}],"curies":[{"name":"wp","href":"https:\/\/api.w.org\/{rel}","templated":true}]}}