{"id":18566,"date":"2017-11-25T15:00:45","date_gmt":"2017-11-25T18:00:45","guid":{"rendered":"http:\/\/www.yungayino.cl\/noticias\/?p=18566"},"modified":"2017-11-26T00:21:11","modified_gmt":"2017-11-26T03:21:11","slug":"agrupaciones-folcloricas-los-hortelanos-de-yungay-vida-de-pemuco-y-surcos-de-mi-tierra-de-huepil-realizaron-muestra-en-yungay","status":"publish","type":"post","link":"https:\/\/www.yungayino.cl\/noticias\/?p=18566","title":{"rendered":"Agrupaciones Folcl\u00f3ricas \u201cLos Hortelanos de Yungay\u201d, \u201dVida de Pemuco\u201d y \u201cSurcos de Mi Tierra de Hu\u00e9pil\u201d Realizaron Muestra en Yungay"},"content":{"rendered":"<p><img loading=\"lazy\" decoding=\"async\" class=\"alignnone size-full wp-image-18567\" src=\"http:\/\/www.yungayino.cl\/noticias\/wp-content\/uploads\/2017\/11\/hortelanos_201711.jpg\" alt=\"\" width=\"700\" height=\"350\" srcset=\"https:\/\/www.yungayino.cl\/noticias\/wp-content\/uploads\/2017\/11\/hortelanos_201711.jpg 700w, https:\/\/www.yungayino.cl\/noticias\/wp-content\/uploads\/2017\/11\/hortelanos_201711-300x150.jpg 300w\" sizes=\"auto, (max-width: 700px) 100vw, 700px\" \/><\/p>\n<p style=\"text-align: justify;\">Yungay, s\u00e1bado 25 de noviembre 2017: Las Agrupaciones Folcl\u00f3ricas \u201cLos Hortelanos de Yungay\u201d,\u201d Vida de Pemuco\u201d y \u201cSurcos de Mi Tierra de Hu\u00e9pil\u201d realizaron una muestra folcl\u00f3rica el pasado jueves 23 de noviembre en las dependencias de la Biblioteca P\u00fablica de Yungay.<\/p>\n<p style=\"text-align: justify;\"><iframe loading=\"lazy\" style=\"border: none; overflow: hidden;\" src=\"https:\/\/www.facebook.com\/plugins\/post.php?href=https:\/\/www.facebook.com\/media\/set\/?set=a.1891258344222529.1073743172.159561284058919&amp;type=1&amp;l=ec3573f5e7&amp;l=a77e327dc6&amp;l=f5951f1994&amp;l=bfecbb8adf&amp;l=687b6bf5da&amp;width=500&amp;show_text=true&amp;height=691&amp;appId\" width=\"500\" height=\"691\" frameborder=\"0\" scrolling=\"no\"><\/iframe><\/p>\n<p style=\"text-align: justify;\">Destacar que la muestra cultural que se llev\u00f3 a cabo es el trabajo realizado durante el a\u00f1o, y por sobre todo lo expuesto en su gira que realizaron para fiestas patrias en Chilo\u00e9. Finalmente se\u00f1alar que todas estas actividades culturales desarrolladas durante este a\u00f1o fueron ejecutadas gracias a los aportes del SENAMA y algunos municipios.<\/p>\n<p style=\"text-align: justify;\">[su_button url=\u00bbhttps:\/\/www.facebook.com\/media\/set\/?set=a.1891258344222529.1073743172.159561284058919&amp;type=1&amp;l=ec3573f5e7&#8243; target=\u00bbblank\u00bb size=\u00bb7&#8243; radius=\u00bbround\u00bb icon=\u00bbicon: facebook-square\u00bb]FOTOGRAF\u00cdAS &#8211; Agrupaciones Folcl\u00f3ricas \u201cLos Hortelanos de Yungay\u201d, \u201dVida de Pemuco\u201d y \u201cSurcos de Mi Tierra de Hu\u00e9pil\u201d Realizaron Muestra en Yungay[\/su_button]<\/p>\n","protected":false},"excerpt":{"rendered":"<p>Yungay, s\u00e1bado 25 de noviembre 2017: Las Agrupaciones Folcl\u00f3ricas \u201cLos Hortelanos de Yungay\u201d,\u201d Vida de Pemuco\u201d y \u201cSurcos de Mi Tierra de Hu\u00e9pil\u201d realizaron una muestra folcl\u00f3rica el pasado jueves 23 de noviembre en&#46;&#46;&#46;<\/p>\n","protected":false},"author":2,"featured_media":18567,"comment_status":"closed","ping_status":"open","sticky":false,"template":"","format":"standard","meta":{"footnotes":""},"categories":[5,1],"tags":[1648,1115,1650,1649,8,6,117],"class_list":["post-18566","post","type-post","status-publish","format-standard","has-post-thumbnail","hentry","category-eventos","category-noticias","tag-los-hortelanos-de-yungay","tag-noticias","tag-surcos-de-mi-tierra-de-huepil","tag-vida-de-pemuco","tag-yungay","tag-yungayino","tag-yungayinocl"],"_links":{"self":[{"href":"https:\/\/www.yungayino.cl\/noticias\/index.php?rest_route=\/wp\/v2\/posts\/18566","targetHints":{"allow":["GET"]}}],"collection":[{"href":"https:\/\/www.yungayino.cl\/noticias\/index.php?rest_route=\/wp\/v2\/posts"}],"about":[{"href":"https:\/\/www.yungayino.cl\/noticias\/index.php?rest_route=\/wp\/v2\/types\/post"}],"author":[{"embeddable":true,"href":"https:\/\/www.yungayino.cl\/noticias\/index.php?rest_route=\/wp\/v2\/users\/2"}],"replies":[{"embeddable":true,"href":"https:\/\/www.yungayino.cl\/noticias\/index.php?rest_route=%2Fwp%2Fv2%2Fcomments&post=18566"}],"version-history":[{"count":2,"href":"https:\/\/www.yungayino.cl\/noticias\/index.php?rest_route=\/wp\/v2\/posts\/18566\/revisions"}],"predecessor-version":[{"id":18569,"href":"https:\/\/www.yungayino.cl\/noticias\/index.php?rest_route=\/wp\/v2\/posts\/18566\/revisions\/18569"}],"wp:featuredmedia":[{"embeddable":true,"href":"https:\/\/www.yungayino.cl\/noticias\/index.php?rest_route=\/wp\/v2\/media\/18567"}],"wp:attachment":[{"href":"https:\/\/www.yungayino.cl\/noticias\/index.php?rest_route=%2Fwp%2Fv2%2Fmedia&parent=18566"}],"wp:term":[{"taxonomy":"category","embeddable":true,"href":"https:\/\/www.yungayino.cl\/noticias\/index.php?rest_route=%2Fwp%2Fv2%2Fcategories&post=18566"},{"taxonomy":"post_tag","embeddable":true,"href":"https:\/\/www.yungayino.cl\/noticias\/index.php?rest_route=%2Fwp%2Fv2%2Ftags&post=18566"}],"curies":[{"name":"wp","href":"https:\/\/api.w.org\/{rel}","templated":true}]}}