{"id":18570,"date":"2017-11-25T16:00:58","date_gmt":"2017-11-25T19:00:58","guid":{"rendered":"http:\/\/www.yungayino.cl\/noticias\/?p=18570"},"modified":"2017-11-26T13:05:59","modified_gmt":"2017-11-26T16:05:59","slug":"realizan-muestra-comunal-taller-de-manualidades-y-artes-monitorias-deportivas","status":"publish","type":"post","link":"https:\/\/www.yungayino.cl\/noticias\/?p=18570","title":{"rendered":"Realizan \u201cMuestra Comunal Taller de Manualidades y Artes Monitorias Deportivas\u201d"},"content":{"rendered":"<p><img loading=\"lazy\" decoding=\"async\" class=\"alignnone size-full wp-image-18571\" src=\"http:\/\/www.yungayino.cl\/noticias\/wp-content\/uploads\/2017\/11\/feria_talleres_municipales_2017.jpg\" alt=\"\" width=\"700\" height=\"350\" srcset=\"https:\/\/www.yungayino.cl\/noticias\/wp-content\/uploads\/2017\/11\/feria_talleres_municipales_2017.jpg 700w, https:\/\/www.yungayino.cl\/noticias\/wp-content\/uploads\/2017\/11\/feria_talleres_municipales_2017-300x150.jpg 300w\" sizes=\"auto, (max-width: 700px) 100vw, 700px\" \/><\/p>\n<p style=\"text-align: justify;\">Yungay, s\u00e1bado 25 de noviembre 2017: El Departamento de Desarrollo Comunitario (DIDECO) encabezado por su Jefa\u00a0 Pamela Jelves Acu\u00f1a y su Equipo de Profesionales organizaron una \u201cMuestra Comunal Taller de Manualidades y Artes Monitorias Deportivas\u201d, la cual cont\u00f3 con la asistencia del alcalde Rafael Cifuentes y concejales.<\/p>\n<p style=\"text-align: justify;\"><iframe loading=\"lazy\" style=\"border: none; overflow: hidden;\" src=\"https:\/\/www.facebook.com\/plugins\/post.php?href=https:\/\/www.facebook.com\/media\/set\/?set=a.1891294057552291.1073743174.159561284058919&amp;type=1&amp;l=e24233775a&amp;l=a77e327dc6&amp;l=f5951f1994&amp;l=bfecbb8adf&amp;l=687b6bf5da&amp;width=500&amp;show_text=true&amp;height=691&amp;appId\" width=\"500\" height=\"691\" frameborder=\"0\" scrolling=\"no\"><\/iframe><\/p>\n<p style=\"text-align: justify;\">La jornada que se llev\u00f3 a cabo este viernes 24 de noviembre a las 16:00 horas, donde el p\u00fablico que asisti\u00f3 pudo disfrutar de los hermosos trabajos de manualidades de artesan\u00edas, tejidos, etc., realizados durante el a\u00f1o por los diferentes Talleres de la comuna.<\/p>\n<p style=\"text-align: justify;\">El Alcalde Rafael Cifuentes, reiter\u00f3 en su discurso sus felicitaciones a todos quienes participaron de esta hermosa muestra comunal y destac\u00f3 el gran trabajo de las diferentes agrupaciones y talleres, por su gran calidad en sus trabajos e insto a seguir trabajando, as\u00ed como tambi\u00e9n felicit\u00f3 a los monitores deportivos por la gran labor desarrollada durante este a\u00f1o, finalmente el alcalde reiter\u00f3 su compromiso para seguir apoyando, adem\u00e1s invito para que todos estos trabajos se puedan\u00a0 exponer por m\u00e1s tiempo en la plaza ofreci\u00e9ndoles el espacio y stand si as\u00ed lo quieran.<\/p>\n<p style=\"text-align: justify;\">Finalmente destacar que en la ocasi\u00f3n los Adultos Mayores realizaron presentaciones art\u00edsticas y bailes, adem\u00e1s los Talleres Deportivos realizaron Zumba con sus respectivos monitores.<\/p>\n<p style=\"text-align: justify;\">[su_button url=\u00bbhttps:\/\/www.facebook.com\/media\/set\/?set=a.1891294057552291.1073743174.159561284058919&amp;type=1&amp;l=e24233775a\u00bb target=\u00bbblank\u00bb size=\u00bb7&#8243; radius=\u00bbround\u00bb icon=\u00bbicon: facebook-square\u00bb]FOTOGRAF\u00cdAS &#8211; Realizan \u201cMuestra Comunal Taller de Manualidades y Artes Monitorias Deportivas\u201d[\/su_button]<\/p>\n","protected":false},"excerpt":{"rendered":"<p>Yungay, s\u00e1bado 25 de noviembre 2017: El Departamento de Desarrollo Comunitario (DIDECO) encabezado por su Jefa\u00a0 Pamela Jelves Acu\u00f1a y su Equipo de Profesionales organizaron una \u201cMuestra Comunal Taller de Manualidades y Artes Monitorias&#46;&#46;&#46;<\/p>\n","protected":false},"author":2,"featured_media":18571,"comment_status":"closed","ping_status":"open","sticky":false,"template":"","format":"standard","meta":{"footnotes":""},"categories":[1],"tags":[1651,1115,8,6,117],"class_list":["post-18570","post","type-post","status-publish","format-standard","has-post-thumbnail","hentry","category-noticias","tag-feria-de-talleres","tag-noticias","tag-yungay","tag-yungayino","tag-yungayinocl"],"_links":{"self":[{"href":"https:\/\/www.yungayino.cl\/noticias\/index.php?rest_route=\/wp\/v2\/posts\/18570","targetHints":{"allow":["GET"]}}],"collection":[{"href":"https:\/\/www.yungayino.cl\/noticias\/index.php?rest_route=\/wp\/v2\/posts"}],"about":[{"href":"https:\/\/www.yungayino.cl\/noticias\/index.php?rest_route=\/wp\/v2\/types\/post"}],"author":[{"embeddable":true,"href":"https:\/\/www.yungayino.cl\/noticias\/index.php?rest_route=\/wp\/v2\/users\/2"}],"replies":[{"embeddable":true,"href":"https:\/\/www.yungayino.cl\/noticias\/index.php?rest_route=%2Fwp%2Fv2%2Fcomments&post=18570"}],"version-history":[{"count":3,"href":"https:\/\/www.yungayino.cl\/noticias\/index.php?rest_route=\/wp\/v2\/posts\/18570\/revisions"}],"predecessor-version":[{"id":18574,"href":"https:\/\/www.yungayino.cl\/noticias\/index.php?rest_route=\/wp\/v2\/posts\/18570\/revisions\/18574"}],"wp:featuredmedia":[{"embeddable":true,"href":"https:\/\/www.yungayino.cl\/noticias\/index.php?rest_route=\/wp\/v2\/media\/18571"}],"wp:attachment":[{"href":"https:\/\/www.yungayino.cl\/noticias\/index.php?rest_route=%2Fwp%2Fv2%2Fmedia&parent=18570"}],"wp:term":[{"taxonomy":"category","embeddable":true,"href":"https:\/\/www.yungayino.cl\/noticias\/index.php?rest_route=%2Fwp%2Fv2%2Fcategories&post=18570"},{"taxonomy":"post_tag","embeddable":true,"href":"https:\/\/www.yungayino.cl\/noticias\/index.php?rest_route=%2Fwp%2Fv2%2Ftags&post=18570"}],"curies":[{"name":"wp","href":"https:\/\/api.w.org\/{rel}","templated":true}]}}