{"id":18589,"date":"2017-11-27T19:00:47","date_gmt":"2017-11-27T22:00:47","guid":{"rendered":"http:\/\/www.yungayino.cl\/noticias\/?p=18589"},"modified":"2017-11-27T22:05:09","modified_gmt":"2017-11-28T01:05:09","slug":"complejo-maderas-cholguan-celebro-su-aniversario-n-20","status":"publish","type":"post","link":"https:\/\/www.yungayino.cl\/noticias\/?p=18589","title":{"rendered":"Complejo Maderas Cholgu\u00e1n Celebr\u00f3 su Aniversario N\u00b0 20"},"content":{"rendered":"<p><img loading=\"lazy\" decoding=\"async\" class=\"alignnone size-full wp-image-18590\" src=\"http:\/\/www.yungayino.cl\/noticias\/wp-content\/uploads\/2017\/11\/aniversario_aserradero_2017.jpg\" alt=\"\" width=\"700\" height=\"350\" srcset=\"https:\/\/www.yungayino.cl\/noticias\/wp-content\/uploads\/2017\/11\/aniversario_aserradero_2017.jpg 700w, https:\/\/www.yungayino.cl\/noticias\/wp-content\/uploads\/2017\/11\/aniversario_aserradero_2017-300x150.jpg 300w\" sizes=\"auto, (max-width: 700px) 100vw, 700px\" \/><\/p>\n<p style=\"text-align: justify;\">Cholgu\u00e1n, lunes 27 de noviembre 2017: En el Complejo Deportivo de Cholgu\u00e1n el pasado s\u00e1bado 25 de noviembre se realiz\u00f3 una gran fiesta que mezcl\u00f3 m\u00fasica, baile y premiaci\u00f3n con motivo de la celebraci\u00f3n del Aniversario N\u00b0 20 del Complejo Maderas Cholgu\u00e1n pertenecientes al Holding Arauco S.A.<\/p>\n<p style=\"text-align: justify;\"><iframe loading=\"lazy\" style=\"border: none; overflow: hidden;\" src=\"https:\/\/www.facebook.com\/plugins\/post.php?href=https:\/\/www.facebook.com\/media\/set\/?set=a.1893253177356379.1073743177.159561284058919&amp;type=1&amp;l=0018d0710f&amp;l=a77e327dc6&amp;l=f5951f1994&amp;l=bfecbb8adf&amp;l=687b6bf5da&amp;width=500&amp;show_text=true&amp;height=691&amp;appId\" width=\"500\" height=\"691\" frameborder=\"0\" scrolling=\"no\"><\/iframe><\/p>\n<p style=\"text-align: justify;\">La jornada se inici\u00f3 con un c\u00f3ctel de bienvenida, el cual estuvo liderado por su Gerente, Rodrigo Inostroza, adem\u00e1s de subgerentes, colaboradores de servicios, invitados especiales y trabajadores de las distintas \u00e1reas de trabajo del complejo industrial, para posteriormente ingresar a las dependencias del gimnasio y compartir una cena, al mismo tiempo de disfrutar del show especialmente preparado para la ocasi\u00f3n.<\/p>\n<p style=\"text-align: justify;\"><strong>Rodrigo Inostroza, <\/strong>destac\u00f3 en su discurso los agradecimientos a todos los equipos de trabajo por un gran a\u00f1o y de buenos resultados, adem\u00e1s de que fue un a\u00f1o desafiante, donde se contempl\u00f3 la fusi\u00f3n del Complejo Maderas Cholgu\u00e1n como un solo gran complejo.<\/p>\n<p style=\"text-align: justify;\">Tambi\u00e9n destac\u00f3 el valor corporativo de la \u201cSeguridad\u201d, donde han tenido buenos resultados por lo que hizo un llamado a seguir trabajando y fortalecerse para hacer un \u201cTrabajo M\u00e1s Seguro\u201d, finalmente reiter\u00f3 sus felicitaciones a todos los que integran este gran equipo del Complejo Maderas Cholgu\u00e1n y los llamo a seguir trabajando por los desaf\u00edos del futuro esperando que el a\u00f1o 2018 sea un a\u00f1o de gran desempe\u00f1o en todos los aspectos.<\/p>\n<p style=\"text-align: justify;\"><strong>Show y Premiaci\u00f3n<\/strong><\/p>\n<p style=\"text-align: justify;\">Se\u00f1alar que el show preparado para esta ocasi\u00f3n cont\u00f3 con la animaci\u00f3n de Francesca Cigna, m\u00e1s conocida popularmente en la televisi\u00f3n como \u201cBlanquita Nieves\u201d, adem\u00e1s de la participaci\u00f3n del humorista Rodrigo Gonz\u00e1lez.<\/p>\n<p style=\"text-align: justify;\">Finalmente destacar que uno de los momentos m\u00e1s emotivos de este aniversario fue la entrega de premiaci\u00f3n, donde se reconoci\u00f3 a los trabajadores (as) por sus a\u00f1os de servicio.<\/p>\n<p style=\"text-align: justify;\">[su_button url=\u00bbhttps:\/\/www.facebook.com\/media\/set\/?set=a.1893253177356379.1073743177.159561284058919&amp;type=1&amp;l=0018d0710f\u00bb target=\u00bbblank\u00bb size=\u00bb7&#8243; radius=\u00bbround\u00bb icon=\u00bbicon: facebook-square\u00bb]FOTOGRAF\u00cdAS &#8211; Complejo Maderas Cholgu\u00e1n Celebr\u00f3 su Aniversario N\u00b020[\/su_button]<\/p>\n","protected":false},"excerpt":{"rendered":"<p>Cholgu\u00e1n, lunes 27 de noviembre 2017: En el Complejo Deportivo de Cholgu\u00e1n el pasado s\u00e1bado 25 de noviembre se realiz\u00f3 una gran fiesta que mezcl\u00f3 m\u00fasica, baile y premiaci\u00f3n con motivo de la celebraci\u00f3n&#46;&#46;&#46;<\/p>\n","protected":false},"author":2,"featured_media":18590,"comment_status":"closed","ping_status":"open","sticky":false,"template":"","format":"standard","meta":{"footnotes":""},"categories":[5,1],"tags":[1653,298,350,35,8,6,117],"class_list":["post-18589","post","type-post","status-publish","format-standard","has-post-thumbnail","hentry","category-eventos","category-noticias","tag-20-anos","tag-aniversario","tag-arauco","tag-cholguan","tag-yungay","tag-yungayino","tag-yungayinocl"],"_links":{"self":[{"href":"https:\/\/www.yungayino.cl\/noticias\/index.php?rest_route=\/wp\/v2\/posts\/18589","targetHints":{"allow":["GET"]}}],"collection":[{"href":"https:\/\/www.yungayino.cl\/noticias\/index.php?rest_route=\/wp\/v2\/posts"}],"about":[{"href":"https:\/\/www.yungayino.cl\/noticias\/index.php?rest_route=\/wp\/v2\/types\/post"}],"author":[{"embeddable":true,"href":"https:\/\/www.yungayino.cl\/noticias\/index.php?rest_route=\/wp\/v2\/users\/2"}],"replies":[{"embeddable":true,"href":"https:\/\/www.yungayino.cl\/noticias\/index.php?rest_route=%2Fwp%2Fv2%2Fcomments&post=18589"}],"version-history":[{"count":3,"href":"https:\/\/www.yungayino.cl\/noticias\/index.php?rest_route=\/wp\/v2\/posts\/18589\/revisions"}],"predecessor-version":[{"id":18593,"href":"https:\/\/www.yungayino.cl\/noticias\/index.php?rest_route=\/wp\/v2\/posts\/18589\/revisions\/18593"}],"wp:featuredmedia":[{"embeddable":true,"href":"https:\/\/www.yungayino.cl\/noticias\/index.php?rest_route=\/wp\/v2\/media\/18590"}],"wp:attachment":[{"href":"https:\/\/www.yungayino.cl\/noticias\/index.php?rest_route=%2Fwp%2Fv2%2Fmedia&parent=18589"}],"wp:term":[{"taxonomy":"category","embeddable":true,"href":"https:\/\/www.yungayino.cl\/noticias\/index.php?rest_route=%2Fwp%2Fv2%2Fcategories&post=18589"},{"taxonomy":"post_tag","embeddable":true,"href":"https:\/\/www.yungayino.cl\/noticias\/index.php?rest_route=%2Fwp%2Fv2%2Ftags&post=18589"}],"curies":[{"name":"wp","href":"https:\/\/api.w.org\/{rel}","templated":true}]}}