{"id":18614,"date":"2017-11-30T17:03:51","date_gmt":"2017-11-30T20:03:51","guid":{"rendered":"http:\/\/www.yungayino.cl\/noticias\/?p=18614"},"modified":"2017-11-30T17:04:42","modified_gmt":"2017-11-30T20:04:42","slug":"mas-de-50-trabajadoras-se-titularon-en-plan-de-desarrollo-profesional-y-yungayina-obtiene-el-mejor-rendimiento","status":"publish","type":"post","link":"https:\/\/www.yungayino.cl\/noticias\/?p=18614","title":{"rendered":"M\u00e1s de 50 Trabajadoras se Titularon en Plan de Desarrollo Profesional y Yungayina Obtiene el Mejor Rendimiento"},"content":{"rendered":"<p><img loading=\"lazy\" decoding=\"async\" class=\"alignnone size-full wp-image-18615\" src=\"http:\/\/www.yungayino.cl\/noticias\/wp-content\/uploads\/2017\/11\/integra_titulo_parvularia_2017.jpg\" alt=\"\" width=\"700\" height=\"394\" srcset=\"https:\/\/www.yungayino.cl\/noticias\/wp-content\/uploads\/2017\/11\/integra_titulo_parvularia_2017.jpg 700w, https:\/\/www.yungayino.cl\/noticias\/wp-content\/uploads\/2017\/11\/integra_titulo_parvularia_2017-300x169.jpg 300w, https:\/\/www.yungayino.cl\/noticias\/wp-content\/uploads\/2017\/11\/integra_titulo_parvularia_2017-266x150.jpg 266w\" sizes=\"auto, (max-width: 700px) 100vw, 700px\" \/><\/p>\n<p style=\"text-align: justify;\">Yungay, jueves 30 de noviembre de 2017: En el marco de la 13ra versi\u00f3n del Crecer + T\u00e9cnico, el cual es parte del Programa de Formaci\u00f3n continua AprendeS, 54 trabajadoras de Jardines Infantiles y Salas cunas de INTEGRA en la Regi\u00f3n del Biob\u00edo, recibieron sus t\u00edtulos de T\u00e9cnicos de Nivel Universitario en Educaci\u00f3n Parvularia, proceso acad\u00e9mico que fue impartido por la Universidad Aut\u00f3noma de Chile en modalidad e-learning y presencial, desde mayo de 2016 a octubre de este a\u00f1o. Durante ese per\u00edodo, se desarrollaron 6 encuentros de 3 d\u00edas cada uno, instancias en que las trabajadoras deb\u00edan realizar labores pr\u00e1cticas y aplicar contendidos en sala, mientras que el resto del curso se desarroll\u00f3 por medio de una plataforma web.<\/p>\n<p style=\"text-align: justify;\"><iframe loading=\"lazy\" style=\"border: none; overflow: hidden;\" src=\"https:\/\/www.facebook.com\/plugins\/post.php?href=https:\/\/www.facebook.com\/media\/set\/?set=a.1896858670329163.1073743183.159561284058919&amp;type=1&amp;l=1baf266235&amp;l=a77e327dc6&amp;l=f5951f1994&amp;l=bfecbb8adf&amp;l=687b6bf5da&amp;width=500&amp;show_text=true&amp;height=691&amp;appId\" width=\"500\" height=\"691\" frameborder=\"0\" scrolling=\"no\"><\/iframe><\/p>\n<p style=\"text-align: justify;\">Al respecto, la Directora Regional de Integra, Gabriela Maldonado, sostuvo que las trabajadoras locales tienen un tremendo potencial, pero que muchas veces les falta el grado acad\u00e9mico, por lo que este t\u00edtulo \u201cles da seguridad y actualiza sus conocimientos. Han tenido una experiencia bastante provechosa y nutritiva, es por eso que creemos que los ni\u00f1os y las ni\u00f1as de la Regi\u00f3n ganan al contar con funcionarias empoderadas y con mayores expectativas que tienen que ver con la motivaci\u00f3n de proponerse desaf\u00edos y lograrlos. Son unas triunfadoras\u201d, concluy\u00f3.<\/p>\n<p style=\"text-align: justify;\">Tatiana L\u00f3pez, del Jard\u00edn Rayito de Sol de Penco, reconoci\u00f3 que llegar a este punto implic\u00f3 mucho sacrificio y apoyo de la familia, pues en m\u00e1s de una ocasi\u00f3n estuvo el deseo de abandonar. \u201cEstoy inmensamente agradecida de Fundaci\u00f3n Integra, porque constantemente est\u00e1 preocupada de que sigamos avanzando, que no nos quedemos estancadas, que siempre seamos m\u00e1s para poder ofrecerle una educaci\u00f3n de calidad a nuestros ni\u00f1os y ni\u00f1as.\u201d<\/p>\n<p style=\"text-align: justify;\">Opini\u00f3n similar es la que manifest\u00f3 Alicia Fuentes, del Jard\u00edn Infantil Diego Portales de Talcahuano, quien dijo estar muy emocionada, \u201cporque es s\u00faper importante contar con una instituci\u00f3n que nos respalda 100%. En lo personal hay un sentimiento de gratificaci\u00f3n por haber logrado esto despu\u00e9s de tanto tiempo. Llevo 20 a\u00f1os en Integra y me siento feliz de haber sacado mi t\u00edtulo universitario.\u201d<\/p>\n<p style=\"text-align: justify;\">Durante la ceremonia, que fue seguida con especial atenci\u00f3n por los familiares de las tituladas, se hizo entrega de un galvano a quien obtuvo el mejor rendimiento, honor que conquist\u00f3 <strong>Valentina Moureira Guti\u00e9rrez<\/strong> del Jard\u00edn Verde Amanecer de Yungay. Tambi\u00e9n se reconoci\u00f3 a Mar\u00eda Raquel Orellana, docente que estuvo a cargo del grupo.<\/p>\n<p style=\"text-align: justify;\">Finalmente el Equipo del Portal Yungayino.cl converso con la Yungayina, <strong>Valentina Moureira Guti\u00e9rrez<\/strong>, para felicitarla por este gran logro profesional y tambi\u00e9n el reconocimiento a la alumna con \u201cMejor Rendimiento\u201d, donde destac\u00f3 su alegr\u00eda y agradecimiento por el apoyo dado por su familia para lograr obtener este T\u00edtulo, que le permitir\u00e1 entregarse con mayor profesionalismo con los ni\u00f1os de su Jard\u00edn.<\/p>\n<p style=\"text-align: justify;\">[su_button url=\u00bbhttps:\/\/www.facebook.com\/media\/set\/?set=a.1896858670329163.1073743183.159561284058919&amp;type=1&amp;l=1baf266235&#8243; target=\u00bbblank\u00bb size=\u00bb7&#8243; radius=\u00bbround\u00bb icon=\u00bbicon: facebook-square\u00bb]FOTOGRAF\u00cdAS &#8211; M\u00e1s de 50 Trabajadoras se Titularon en Plan de Desarrollo Profesional y Yungayina Obtiene el Mejor Rendimiento[\/su_button]<\/p>\n","protected":false},"excerpt":{"rendered":"<p>Yungay, jueves 30 de noviembre de 2017: En el marco de la 13ra versi\u00f3n del Crecer + T\u00e9cnico, el cual es parte del Programa de Formaci\u00f3n continua AprendeS, 54 trabajadoras de Jardines Infantiles y&#46;&#46;&#46;<\/p>\n","protected":false},"author":2,"featured_media":18615,"comment_status":"closed","ping_status":"open","sticky":false,"template":"","format":"standard","meta":{"footnotes":""},"categories":[1],"tags":[247,1115,8,6,117],"class_list":["post-18614","post","type-post","status-publish","format-standard","has-post-thumbnail","hentry","category-noticias","tag-jardin-verde-amanecer","tag-noticias","tag-yungay","tag-yungayino","tag-yungayinocl"],"_links":{"self":[{"href":"https:\/\/www.yungayino.cl\/noticias\/index.php?rest_route=\/wp\/v2\/posts\/18614","targetHints":{"allow":["GET"]}}],"collection":[{"href":"https:\/\/www.yungayino.cl\/noticias\/index.php?rest_route=\/wp\/v2\/posts"}],"about":[{"href":"https:\/\/www.yungayino.cl\/noticias\/index.php?rest_route=\/wp\/v2\/types\/post"}],"author":[{"embeddable":true,"href":"https:\/\/www.yungayino.cl\/noticias\/index.php?rest_route=\/wp\/v2\/users\/2"}],"replies":[{"embeddable":true,"href":"https:\/\/www.yungayino.cl\/noticias\/index.php?rest_route=%2Fwp%2Fv2%2Fcomments&post=18614"}],"version-history":[{"count":1,"href":"https:\/\/www.yungayino.cl\/noticias\/index.php?rest_route=\/wp\/v2\/posts\/18614\/revisions"}],"predecessor-version":[{"id":18617,"href":"https:\/\/www.yungayino.cl\/noticias\/index.php?rest_route=\/wp\/v2\/posts\/18614\/revisions\/18617"}],"wp:featuredmedia":[{"embeddable":true,"href":"https:\/\/www.yungayino.cl\/noticias\/index.php?rest_route=\/wp\/v2\/media\/18615"}],"wp:attachment":[{"href":"https:\/\/www.yungayino.cl\/noticias\/index.php?rest_route=%2Fwp%2Fv2%2Fmedia&parent=18614"}],"wp:term":[{"taxonomy":"category","embeddable":true,"href":"https:\/\/www.yungayino.cl\/noticias\/index.php?rest_route=%2Fwp%2Fv2%2Fcategories&post=18614"},{"taxonomy":"post_tag","embeddable":true,"href":"https:\/\/www.yungayino.cl\/noticias\/index.php?rest_route=%2Fwp%2Fv2%2Ftags&post=18614"}],"curies":[{"name":"wp","href":"https:\/\/api.w.org\/{rel}","templated":true}]}}