{"id":18630,"date":"2017-12-06T23:00:47","date_gmt":"2017-12-07T02:00:47","guid":{"rendered":"http:\/\/www.yungayino.cl\/noticias\/?p=18630"},"modified":"2017-12-07T13:19:43","modified_gmt":"2017-12-07T16:19:43","slug":"en-yungay-se-realizo-marcha-y-acto-en-conmemoracion-del-dia-de-la-no-violencia-contra-las-mujeres","status":"publish","type":"post","link":"https:\/\/www.yungayino.cl\/noticias\/?p=18630","title":{"rendered":"En Yungay se Realiz\u00f3 Marcha y Acto en Conmemoraci\u00f3n del \u201cD\u00eda de la No Violencia Contra Las Mujeres\u201d"},"content":{"rendered":"<p><img loading=\"lazy\" decoding=\"async\" class=\"alignnone size-full wp-image-18631\" src=\"http:\/\/www.yungayino.cl\/noticias\/wp-content\/uploads\/2017\/12\/marcha_no_violencia_mujer.jpg\" alt=\"\" width=\"700\" height=\"350\" srcset=\"https:\/\/www.yungayino.cl\/noticias\/wp-content\/uploads\/2017\/12\/marcha_no_violencia_mujer.jpg 700w, https:\/\/www.yungayino.cl\/noticias\/wp-content\/uploads\/2017\/12\/marcha_no_violencia_mujer-300x150.jpg 300w\" sizes=\"auto, (max-width: 700px) 100vw, 700px\" \/><\/p>\n<p style=\"text-align: justify;\">Yungay, mi\u00e9rcoles 06 de diciembre 2017: En Yungay se llev\u00f3 a cabo desde las 16:00 horas una Marcha y posterior Acto en el Ode\u00f3n de la Plaza Iquique de nuestra comuna con motivo del \u201cD\u00eda de la No Violencia Contra Las Mujeres\u201d organizado por el Municipio y con el Slogan \u201cUna Cuesti\u00f3n de G\u00e9nero, Yungay Sin Violencia\u201d, el cual estuvo liderado por el alcalde Rafael Cifuentes, adem\u00e1s de invitados especiales y p\u00fablico en general.<\/p>\n<p style=\"text-align: justify;\"><iframe loading=\"lazy\" style=\"border: none; overflow: hidden;\" src=\"https:\/\/www.facebook.com\/plugins\/post.php?href=https:\/\/www.facebook.com\/media\/set\/?set=a.1904438126237884.1073743186.159561284058919&amp;type=1&amp;l=8891ce61a5&amp;l=a77e327dc6&amp;l=f5951f1994&amp;l=bfecbb8adf&amp;l=687b6bf5da&amp;width=500&amp;show_text=true&amp;height=691&amp;appId\" width=\"500\" height=\"691\" frameborder=\"0\" scrolling=\"no\"><\/iframe><\/p>\n<p style=\"text-align: justify;\"><strong>Alejandra Contreras<\/strong>, Asistente Social y Encargada Comunal MJH del Municipio Yungayino, se\u00f1alo al Equipo del Portal Yungayino.cl , que es un orgullo como municipio poder realizar estas actividades, para mostrar a la comunidad el trabajo que se realizan con las mujeres, a la vez conmemorar este d\u00eda es muy emocionante, porque es primera vez que hacemos esta marcha y es primera vez que este municipio apoya y hace visible el apoyo para las mujeres que sufren violencia, tambi\u00e9n se\u00f1alo que queda mucho trabajo por delante para ir en apoyo de todas las mujeres que han sufrido y est\u00e1n sufriendo, pero finalmente indicarles que no est\u00e1n solas y que en Yungay hay un espacio para todas ellas.<\/p>\n<p style=\"text-align: justify;\">Finalmente terminado el acto el cual cont\u00f3 con la participaci\u00f3n del Grupo Art\u00edstico del Colegio Divina Pastora se desplegaron globos blancos al aire para conmemorar a todas las mujeres que han sufrido femicidio, y donde a la fecha ya en el pa\u00eds llevamos 37, es por eso que se quiso liberar de manera simb\u00f3licamente \u00a0globos al aire y as\u00ed simular que en nuestros corazones sintamos que ellas son libres, as\u00ed lo se\u00f1al\u00f3 Alejandra Contreras.<\/p>\n<p style=\"text-align: justify;\">[su_button url=\u00bbhttps:\/\/www.facebook.com\/media\/set\/?set=a.1904438126237884.1073743186.159561284058919&amp;type=1&amp;l=8891ce61a5&#8243; target=\u00bbblank\u00bb size=\u00bb7&#8243; radius=\u00bbround\u00bb icon=\u00bbicon: facebook-square\u00bb]FOTOGRAF\u00cdAS &#8211; En Yungay se Realiz\u00f3 Marcha y Acto en Conmemoraci\u00f3n del \u201cD\u00eda de la No Violencia Contra Las Mujeres\u201d[\/su_button]<\/p>\n","protected":false},"excerpt":{"rendered":"<p>Yungay, mi\u00e9rcoles 06 de diciembre 2017: En Yungay se llev\u00f3 a cabo desde las 16:00 horas una Marcha y posterior Acto en el Ode\u00f3n de la Plaza Iquique de nuestra comuna con motivo del&#46;&#46;&#46;<\/p>\n","protected":false},"author":2,"featured_media":18631,"comment_status":"closed","ping_status":"open","sticky":false,"template":"","format":"standard","meta":{"footnotes":""},"categories":[1],"tags":[1659,1115,8,6,117],"class_list":["post-18630","post","type-post","status-publish","format-standard","has-post-thumbnail","hentry","category-noticias","tag-marcha-no-violencia-contra-la-mujer","tag-noticias","tag-yungay","tag-yungayino","tag-yungayinocl"],"_links":{"self":[{"href":"https:\/\/www.yungayino.cl\/noticias\/index.php?rest_route=\/wp\/v2\/posts\/18630","targetHints":{"allow":["GET"]}}],"collection":[{"href":"https:\/\/www.yungayino.cl\/noticias\/index.php?rest_route=\/wp\/v2\/posts"}],"about":[{"href":"https:\/\/www.yungayino.cl\/noticias\/index.php?rest_route=\/wp\/v2\/types\/post"}],"author":[{"embeddable":true,"href":"https:\/\/www.yungayino.cl\/noticias\/index.php?rest_route=\/wp\/v2\/users\/2"}],"replies":[{"embeddable":true,"href":"https:\/\/www.yungayino.cl\/noticias\/index.php?rest_route=%2Fwp%2Fv2%2Fcomments&post=18630"}],"version-history":[{"count":2,"href":"https:\/\/www.yungayino.cl\/noticias\/index.php?rest_route=\/wp\/v2\/posts\/18630\/revisions"}],"predecessor-version":[{"id":18633,"href":"https:\/\/www.yungayino.cl\/noticias\/index.php?rest_route=\/wp\/v2\/posts\/18630\/revisions\/18633"}],"wp:featuredmedia":[{"embeddable":true,"href":"https:\/\/www.yungayino.cl\/noticias\/index.php?rest_route=\/wp\/v2\/media\/18631"}],"wp:attachment":[{"href":"https:\/\/www.yungayino.cl\/noticias\/index.php?rest_route=%2Fwp%2Fv2%2Fmedia&parent=18630"}],"wp:term":[{"taxonomy":"category","embeddable":true,"href":"https:\/\/www.yungayino.cl\/noticias\/index.php?rest_route=%2Fwp%2Fv2%2Fcategories&post=18630"},{"taxonomy":"post_tag","embeddable":true,"href":"https:\/\/www.yungayino.cl\/noticias\/index.php?rest_route=%2Fwp%2Fv2%2Ftags&post=18630"}],"curies":[{"name":"wp","href":"https:\/\/api.w.org\/{rel}","templated":true}]}}