{"id":18634,"date":"2017-12-11T15:00:44","date_gmt":"2017-12-11T18:00:44","guid":{"rendered":"http:\/\/www.yungayino.cl\/noticias\/?p=18634"},"modified":"2017-12-11T18:19:54","modified_gmt":"2017-12-11T21:19:54","slug":"pequenos-agricultores-de-yungay-inauguran-sala-de-procesos-de-feria-prodesal-el-esfuerzo-campesino","status":"publish","type":"post","link":"https:\/\/www.yungayino.cl\/noticias\/?p=18634","title":{"rendered":"Peque\u00f1os Agricultores de Yungay Inauguran \u201cSala de Procesos\u201d de Feria Prodesal \u201cEl Esfuerzo Campesino\u201d"},"content":{"rendered":"<p><img loading=\"lazy\" decoding=\"async\" class=\"alignnone size-full wp-image-18635\" src=\"http:\/\/www.yungayino.cl\/noticias\/wp-content\/uploads\/2017\/12\/mercado_campesino_yungay.jpg\" alt=\"\" width=\"700\" height=\"350\" srcset=\"https:\/\/www.yungayino.cl\/noticias\/wp-content\/uploads\/2017\/12\/mercado_campesino_yungay.jpg 700w, https:\/\/www.yungayino.cl\/noticias\/wp-content\/uploads\/2017\/12\/mercado_campesino_yungay-300x150.jpg 300w\" sizes=\"auto, (max-width: 700px) 100vw, 700px\" \/><\/p>\n<p style=\"text-align: justify;\">Yungay, lunes 11 de Diciembre 2017: Con mucha alegr\u00eda y emoci\u00f3n el pasado mi\u00e9rcoles 06 de diciembre los peque\u00f1os agricultores y productores de los Prodesales de nuestra comuna inauguraron una <strong>\u201cSala de Procesos\u201d<\/strong> de la Feria Prodesal denominada, \u201cEl Esfuerzo Campesino\u201d, la cual se encuentra ubicada en la Calle Angamos de Yungay.<\/p>\n<p style=\"text-align: justify;\"><iframe loading=\"lazy\" style=\"border: none; overflow: hidden;\" src=\"https:\/\/www.facebook.com\/plugins\/post.php?href=https:\/\/www.facebook.com\/media\/set\/?set=a.1908946725787024.1073743187.159561284058919&amp;type=1&amp;l=3df732dd5d&amp;l=a77e327dc6&amp;l=f5951f1994&amp;l=bfecbb8adf&amp;l=687b6bf5da&amp;width=500&amp;show_text=true&amp;height=691&amp;appId\" width=\"500\" height=\"691\" frameborder=\"0\" scrolling=\"no\"><\/iframe><\/p>\n<p style=\"text-align: justify;\">El Director Regional de INDAP, Andr\u00e9s Castillo, indic\u00f3 que la puesta en marcha de esta sala de procesos fue financiada por INDAP junto a los agricultores(as), lo que le va a permitir obtener resoluci\u00f3n sanitaria para los alimentos procesados y hortalizas que producen los integrantes del Prodesal Indap de Yungay. \u201cEsta sala modular de 42 metros cuadrados, totalmente equipada, les ayudar\u00e1 no s\u00f3lo a mejorar la comercializaci\u00f3n de sus productos, sino adem\u00e1s a obtener resoluci\u00f3n sanitaria, para que puedan seguir avanzando con calidad en cada etapa del proceso\u201d, as\u00ed lo indic\u00f3 el director de Indap.<\/p>\n<p style=\"text-align: justify;\">Las integrantes de la Feria Prodesal Indap \u201cEl Esfuerzo Campesino\u201d, comenzaron con la comercializaci\u00f3n directa hace 2 a\u00f1os, cuando con recursos de Sercotec, la Municipalidad de Yungay y del Prodesal Indap de la comuna, se construy\u00f3 un completo mercado campesino, con 9 m\u00f3dulos, bodega, ba\u00f1os y oficina.<\/p>\n<p style=\"text-align: justify;\">As\u00ed lo recuerda, Ana Inostroza Mu\u00f1oz, representante de esta agrupaci\u00f3n de mujeres, quien sostuvo que \u201cese fue el inicio de una gran aventura que continu\u00f3 siempre con el apoyo de Indap, y que a trav\u00e9s de sus diversos programas las continu\u00f3 respaldando, hasta que decidieron ir por un sue\u00f1o mayor, una Sala de Procesos que les permitiera elaborar sus productos y obtener resoluci\u00f3n sanitaria\u201d. Tras sus palabras, los 15 integrantes de esta Feria Prodesal, fueron reconocidos por el \u00c1rea Indap Yungay y las autoridades presentes, por su trabajo y perseverancia.<\/p>\n<p style=\"text-align: justify;\">En la actividad participaron adem\u00e1s el Director General de Aguas (DGA), Carlos Est\u00e9vez, el alcalde de Yungay, Rafael Cifuentes, el Jefe del \u00c1rea Indap Yungay, Marcelo \u00c1lvarez y las agricultoras que integran el mercado \u201cEsfuerzo Campesino\u201d. Al finalizar la ceremonia, se realiz\u00f3 el tradicional corte de cinta, y se ingres\u00f3 a la sala de procesos, donde se explic\u00f3 en detalle c\u00f3mo ser\u00e1 su funcionamiento.<\/p>\n<p style=\"text-align: justify;\">[su_button url=\u00bbhttps:\/\/www.facebook.com\/media\/set\/?set=a.1908946725787024.1073743187.159561284058919&amp;type=1&amp;l=3df732dd5d\u00bb target=\u00bbblank\u00bb size=\u00bb7&#8243; radius=\u00bbround\u00bb icon=\u00bbicon: facebook-square\u00bb]FOTOGRAF\u00cdAS &#8211; Peque\u00f1os Agricultores de Yungay Inauguran \u201cSala de Procesos\u201d de Feria Prodesal \u201cEl Esfuerzo Campesino\u201d[\/su_button]<\/p>\n","protected":false},"excerpt":{"rendered":"<p>Yungay, lunes 11 de Diciembre 2017: Con mucha alegr\u00eda y emoci\u00f3n el pasado mi\u00e9rcoles 06 de diciembre los peque\u00f1os agricultores y productores de los Prodesales de nuestra comuna inauguraron una \u201cSala de Procesos\u201d de&#46;&#46;&#46;<\/p>\n","protected":false},"author":2,"featured_media":18635,"comment_status":"closed","ping_status":"open","sticky":false,"template":"","format":"standard","meta":{"footnotes":""},"categories":[1],"tags":[8],"class_list":["post-18634","post","type-post","status-publish","format-standard","has-post-thumbnail","hentry","category-noticias","tag-yungay"],"_links":{"self":[{"href":"https:\/\/www.yungayino.cl\/noticias\/index.php?rest_route=\/wp\/v2\/posts\/18634","targetHints":{"allow":["GET"]}}],"collection":[{"href":"https:\/\/www.yungayino.cl\/noticias\/index.php?rest_route=\/wp\/v2\/posts"}],"about":[{"href":"https:\/\/www.yungayino.cl\/noticias\/index.php?rest_route=\/wp\/v2\/types\/post"}],"author":[{"embeddable":true,"href":"https:\/\/www.yungayino.cl\/noticias\/index.php?rest_route=\/wp\/v2\/users\/2"}],"replies":[{"embeddable":true,"href":"https:\/\/www.yungayino.cl\/noticias\/index.php?rest_route=%2Fwp%2Fv2%2Fcomments&post=18634"}],"version-history":[{"count":3,"href":"https:\/\/www.yungayino.cl\/noticias\/index.php?rest_route=\/wp\/v2\/posts\/18634\/revisions"}],"predecessor-version":[{"id":18638,"href":"https:\/\/www.yungayino.cl\/noticias\/index.php?rest_route=\/wp\/v2\/posts\/18634\/revisions\/18638"}],"wp:featuredmedia":[{"embeddable":true,"href":"https:\/\/www.yungayino.cl\/noticias\/index.php?rest_route=\/wp\/v2\/media\/18635"}],"wp:attachment":[{"href":"https:\/\/www.yungayino.cl\/noticias\/index.php?rest_route=%2Fwp%2Fv2%2Fmedia&parent=18634"}],"wp:term":[{"taxonomy":"category","embeddable":true,"href":"https:\/\/www.yungayino.cl\/noticias\/index.php?rest_route=%2Fwp%2Fv2%2Fcategories&post=18634"},{"taxonomy":"post_tag","embeddable":true,"href":"https:\/\/www.yungayino.cl\/noticias\/index.php?rest_route=%2Fwp%2Fv2%2Ftags&post=18634"}],"curies":[{"name":"wp","href":"https:\/\/api.w.org\/{rel}","templated":true}]}}