{"id":18664,"date":"2017-12-15T13:42:36","date_gmt":"2017-12-15T16:42:36","guid":{"rendered":"http:\/\/www.yungayino.cl\/noticias\/?p=18664"},"modified":"2017-12-15T13:42:36","modified_gmt":"2017-12-15T16:42:36","slug":"la-red-asistencial-se-encuentra-preparada-para-la-jornada-de-elecciones","status":"publish","type":"post","link":"https:\/\/www.yungayino.cl\/noticias\/?p=18664","title":{"rendered":"La Red Asistencial se encuentra preparada para la jornada de elecciones"},"content":{"rendered":"<p><img loading=\"lazy\" decoding=\"async\" class=\"alignnone size-full wp-image-18665\" src=\"http:\/\/www.yungayino.cl\/noticias\/wp-content\/uploads\/2017\/12\/SAR-VioletaParra.jpg\" alt=\"\" width=\"720\" height=\"340\" srcset=\"https:\/\/www.yungayino.cl\/noticias\/wp-content\/uploads\/2017\/12\/SAR-VioletaParra.jpg 720w, https:\/\/www.yungayino.cl\/noticias\/wp-content\/uploads\/2017\/12\/SAR-VioletaParra-300x142.jpg 300w, https:\/\/www.yungayino.cl\/noticias\/wp-content\/uploads\/2017\/12\/SAR-VioletaParra-318x150.jpg 318w, https:\/\/www.yungayino.cl\/noticias\/wp-content\/uploads\/2017\/12\/SAR-VioletaParra-520x245.jpg 520w\" sizes=\"auto, (max-width: 720px) 100vw, 720px\" \/><\/p>\n<p><em>Autoridades explicaron c\u00f3mo funcionar\u00e1 la red de establecimientos de salud y entreg\u00f3 consejos de autocuidado.<\/em><\/p>\n<p style=\"text-align: justify;\">Viernes 15 de Diciembre de 2017; A horas de vivir la segunda vuelta presidencial, directivos del Servicio de Salud \u00d1uble explicaron c\u00f3mo funcionar\u00e1 la red asistencial durante y enfatizaron en el llamado a tomar medidas de autocuidado para una jornada sin inconvenientes.<\/p>\n<p style=\"text-align: justify;\">El objetivo es que las y los ciudadanos concurran a las urnas sin inconvenientes y en condiciones que faciliten el cumplimiento de su deber c\u00edvico. Por ello, y en l\u00ednea con el llamado que han realizado las autoridades, el Subdirector de Gesti\u00f3n Asistencial de la instituci\u00f3n, Walter Garrido, se\u00f1al\u00f3 que \u201cla invitaci\u00f3n es que todas las personas se sumen y participen de esta segunda vuelta, ya que es la forma que tenemos de decidir el pa\u00eds que queremos\u201d.<\/p>\n<p style=\"text-align: justify;\">A su vez, la autoridad indic\u00f3 que \u201c<strong>en caso de existir alg\u00fan problema que requiera atenci\u00f3n de salud, la red asistencial estar\u00e1 preparada y activa para hacer frente a cualquier situaci\u00f3n. Los establecimientos funcionar\u00e1n de manera regular, con sus planes de contingencia activados, al igual que el centro regulador y las bases del SAMU \u00d1uble que dispondr\u00e1 de todas sus dependencias operativas para dar respuesta a situaciones de mayor gravedad y que requieran traslado a un recinto de salud<\/strong>\u201d.<\/p>\n<p style=\"text-align: justify;\">Garrido puntualiz\u00f3 que \u201cla recomendaci\u00f3n es que las personas acudan a los centros de atenci\u00f3n primaria, como el SAR Violeta Parra y SAPUS, ante situaciones de menor complejidad y asistir a las urgencias hospitalarias s\u00f3lo en casos graves y que representen un riesgo para la vida de las personas\u201d.<\/p>\n<p style=\"text-align: justify;\">Asimismo, el profesional enfatiz\u00f3 en que \u201ces importante que la comunidad tome sencillas medidas para prevenir deshidrataciones o descompensaciones este domingo. Para ello, es fundamental que vayan lo m\u00e1s temprano posible a votar, o en un horario donde evitemos las altas temperaturas y el atochamiento\u201d.<\/p>\n<p style=\"text-align: justify;\">\u201c<strong>Antes de salir, es primordial tomar un buen desayuno compuesto de pan, fruta y cereales. Esto es indispensable en el caso de los vocales de mesa y apoderados, cuyas jornadas ser\u00e1n m\u00e1s extensas. Por supuesto, debemos ir con ropa y calzado c\u00f3modo, usar protector solar, reforzando su aplicaci\u00f3n si la fila de espera est\u00e1 al aire libre. A su vez, podemos usar sombrero, lentes de sol y cualquier otro elemento que nos ayude a reducir el riesgo de insolaci\u00f3n. Otro aspecto importante es mantenerse hidratado, para lo cual, podemos llevar una botella de agua<\/strong>\u201d, agreg\u00f3 Garrido.<\/p>\n<p style=\"text-align: justify;\">El profesional tambi\u00e9n aconsej\u00f3 llevar carteras o bolsos peque\u00f1os y sin tanto peso, para evitar molestias o, incluso, dolores en el cuello, hombros y espalda.<\/p>\n<p style=\"text-align: justify;\">En el caso de las personas con enfermedades cr\u00f3nicas, precis\u00f3 que deben recordar tomar y portar sus medicamentos, inhalador u otro. Paralelamente, las autoridades hicieron especial \u00e9nfasis en la importancia de\u00a0 acompa\u00f1ar a votar a las personas mayores, ya que ellas se encuentran m\u00e1s propensas a los factores ambientales y condiciones en las que se realiza esta actividad, pudiendo sufrir fatiga o desmayos.<\/p>\n<p>&nbsp;<\/p>\n","protected":false},"excerpt":{"rendered":"<p>Autoridades explicaron c\u00f3mo funcionar\u00e1 la red de establecimientos de salud y entreg\u00f3 consejos de autocuidado. Viernes 15 de Diciembre de 2017; A horas de vivir la segunda vuelta presidencial, directivos del Servicio de Salud&#46;&#46;&#46;<\/p>\n","protected":false},"author":1,"featured_media":18665,"comment_status":"closed","ping_status":"open","sticky":false,"template":"","format":"standard","meta":{"footnotes":""},"categories":[3,1],"tags":[799,1667,1666,65,1665],"class_list":["post-18664","post","type-post","status-publish","format-standard","has-post-thumbnail","hentry","category-actualidad","category-noticias","tag-elecciones","tag-presidenciales","tag-red-asistencial","tag-salud","tag-servicio-salud-nuble"],"_links":{"self":[{"href":"https:\/\/www.yungayino.cl\/noticias\/index.php?rest_route=\/wp\/v2\/posts\/18664","targetHints":{"allow":["GET"]}}],"collection":[{"href":"https:\/\/www.yungayino.cl\/noticias\/index.php?rest_route=\/wp\/v2\/posts"}],"about":[{"href":"https:\/\/www.yungayino.cl\/noticias\/index.php?rest_route=\/wp\/v2\/types\/post"}],"author":[{"embeddable":true,"href":"https:\/\/www.yungayino.cl\/noticias\/index.php?rest_route=\/wp\/v2\/users\/1"}],"replies":[{"embeddable":true,"href":"https:\/\/www.yungayino.cl\/noticias\/index.php?rest_route=%2Fwp%2Fv2%2Fcomments&post=18664"}],"version-history":[{"count":1,"href":"https:\/\/www.yungayino.cl\/noticias\/index.php?rest_route=\/wp\/v2\/posts\/18664\/revisions"}],"predecessor-version":[{"id":18666,"href":"https:\/\/www.yungayino.cl\/noticias\/index.php?rest_route=\/wp\/v2\/posts\/18664\/revisions\/18666"}],"wp:featuredmedia":[{"embeddable":true,"href":"https:\/\/www.yungayino.cl\/noticias\/index.php?rest_route=\/wp\/v2\/media\/18665"}],"wp:attachment":[{"href":"https:\/\/www.yungayino.cl\/noticias\/index.php?rest_route=%2Fwp%2Fv2%2Fmedia&parent=18664"}],"wp:term":[{"taxonomy":"category","embeddable":true,"href":"https:\/\/www.yungayino.cl\/noticias\/index.php?rest_route=%2Fwp%2Fv2%2Fcategories&post=18664"},{"taxonomy":"post_tag","embeddable":true,"href":"https:\/\/www.yungayino.cl\/noticias\/index.php?rest_route=%2Fwp%2Fv2%2Ftags&post=18664"}],"curies":[{"name":"wp","href":"https:\/\/api.w.org\/{rel}","templated":true}]}}