{"id":18675,"date":"2017-12-16T15:00:48","date_gmt":"2017-12-16T18:00:48","guid":{"rendered":"http:\/\/www.yungayino.cl\/noticias\/?p=18675"},"modified":"2017-12-16T16:59:25","modified_gmt":"2017-12-16T19:59:25","slug":"jardin-infantil-cuncunita-de-cholguan-realizo-ceremonia-de-licenciatura-nivel-medio-mayor","status":"publish","type":"post","link":"https:\/\/www.yungayino.cl\/noticias\/?p=18675","title":{"rendered":"Jard\u00edn Infantil \u201cCuncunita\u201d de Cholgu\u00e1n Realiz\u00f3 Ceremonia de Licenciatura Nivel Medio Mayor"},"content":{"rendered":"<p><img loading=\"lazy\" decoding=\"async\" class=\"alignnone size-full wp-image-18676\" src=\"http:\/\/www.yungayino.cl\/noticias\/wp-content\/uploads\/2017\/12\/licenciatura_jardin_cuncunita_2017.jpg\" alt=\"\" width=\"700\" height=\"350\" srcset=\"https:\/\/www.yungayino.cl\/noticias\/wp-content\/uploads\/2017\/12\/licenciatura_jardin_cuncunita_2017.jpg 700w, https:\/\/www.yungayino.cl\/noticias\/wp-content\/uploads\/2017\/12\/licenciatura_jardin_cuncunita_2017-300x150.jpg 300w\" sizes=\"auto, (max-width: 700px) 100vw, 700px\" \/><\/p>\n<p style=\"text-align: justify;\">Cholgu\u00e1n, s\u00e1bado 16 de diciembre 2017: El Jard\u00edn Infantil \u201cCuncunita\u201d de Cholgu\u00e1n Estaci\u00f3n, realiz\u00f3 una emotiva ceremonia con motivo de la Licenciatura de 12 ni\u00f1os del Nivel Medio Mayor, la cual se llev\u00f3 a cabo en el Sal\u00f3n Multiuso del Colegio Cholgu\u00e1n el pasado mi\u00e9rcoles 13 de diciembre.<\/p>\n<p style=\"text-align: justify;\"><iframe loading=\"lazy\" style=\"border: none; overflow: hidden;\" src=\"https:\/\/www.facebook.com\/plugins\/post.php?href=https:\/\/www.facebook.com\/media\/set\/?set=a.1914443085237388.1073743192.159561284058919&amp;type=1&amp;l=367bc09324&amp;l=a77e327dc6&amp;l=f5951f1994&amp;l=bfecbb8adf&amp;l=687b6bf5da&amp;width=500&amp;show_text=true&amp;height=691&amp;appId\" width=\"500\" height=\"691\" frameborder=\"0\" scrolling=\"no\"><\/iframe><\/p>\n<p style=\"text-align: justify;\">La ceremonia estuvo encabezada por Daniela Aguirre Riquelme, Directora (S) del Jard\u00edn y Sala Cuna \u201cCuncunita\u201d, qui\u00e9n adem\u00e1s cont\u00f3 con la presencia de invitados especiales, padres y apoderados de los ni\u00f1os(as).<\/p>\n<p style=\"text-align: justify;\">Tambi\u00e9n en la ocasi\u00f3n las Educadoras de P\u00e1rvulos y Presidenta de Apoderados dirigieron algunas palabras a los presentes en honor a la ocasi\u00f3n y luego se hizo la entrega de premiaci\u00f3n y reconocimientos a los alumnos(as)<\/p>\n<p style=\"text-align: justify;\">El Equipo del Jard\u00edn \u201cCuncunita\u201d agradece a los apoderados de todos los ni\u00f1os (as) licenciados, por la confianza depositada en el equipo de trabajo y tambi\u00e9n por apoyar siempre al establecimiento en todas las actividades realizadas.<\/p>\n<p style=\"text-align: justify;\">Finalmente se procedi\u00f3 a la entrega de certificados de parte de sus respectivas t\u00edas del jard\u00edn para luego compartir un c\u00f3ctel junto a los asistentes.<\/p>\n<p style=\"text-align: justify;\">[su_button url=\u00bbhttps:\/\/www.facebook.com\/media\/set\/?set=a.1914443085237388.1073743192.159561284058919&amp;type=1&amp;l=367bc09324&#8243; target=\u00bbblank\u00bb size=\u00bb7&#8243; radius=\u00bbround\u00bb icon=\u00bbicon: facebook-square\u00bb]FOTOGRAF\u00cdAS &#8211; Jard\u00edn Infantil \u201cCuncunita\u201d de Cholgu\u00e1n Realiz\u00f3 Ceremonia de Licenciatura Nivel Medio Mayor[\/su_button]<\/p>\n","protected":false},"excerpt":{"rendered":"<p>Cholgu\u00e1n, s\u00e1bado 16 de diciembre 2017: El Jard\u00edn Infantil \u201cCuncunita\u201d de Cholgu\u00e1n Estaci\u00f3n, realiz\u00f3 una emotiva ceremonia con motivo de la Licenciatura de 12 ni\u00f1os del Nivel Medio Mayor, la cual se llev\u00f3 a&#46;&#46;&#46;<\/p>\n","protected":false},"author":2,"featured_media":18676,"comment_status":"closed","ping_status":"open","sticky":false,"template":"","format":"standard","meta":{"footnotes":""},"categories":[1],"tags":[35,27,1196,826,1115,8,6,117],"class_list":["post-18675","post","type-post","status-publish","format-standard","has-post-thumbnail","hentry","category-noticias","tag-cholguan","tag-cholguan-estacion","tag-jardin-cuncunita","tag-licenciatura","tag-noticias","tag-yungay","tag-yungayino","tag-yungayinocl"],"_links":{"self":[{"href":"https:\/\/www.yungayino.cl\/noticias\/index.php?rest_route=\/wp\/v2\/posts\/18675","targetHints":{"allow":["GET"]}}],"collection":[{"href":"https:\/\/www.yungayino.cl\/noticias\/index.php?rest_route=\/wp\/v2\/posts"}],"about":[{"href":"https:\/\/www.yungayino.cl\/noticias\/index.php?rest_route=\/wp\/v2\/types\/post"}],"author":[{"embeddable":true,"href":"https:\/\/www.yungayino.cl\/noticias\/index.php?rest_route=\/wp\/v2\/users\/2"}],"replies":[{"embeddable":true,"href":"https:\/\/www.yungayino.cl\/noticias\/index.php?rest_route=%2Fwp%2Fv2%2Fcomments&post=18675"}],"version-history":[{"count":2,"href":"https:\/\/www.yungayino.cl\/noticias\/index.php?rest_route=\/wp\/v2\/posts\/18675\/revisions"}],"predecessor-version":[{"id":18678,"href":"https:\/\/www.yungayino.cl\/noticias\/index.php?rest_route=\/wp\/v2\/posts\/18675\/revisions\/18678"}],"wp:featuredmedia":[{"embeddable":true,"href":"https:\/\/www.yungayino.cl\/noticias\/index.php?rest_route=\/wp\/v2\/media\/18676"}],"wp:attachment":[{"href":"https:\/\/www.yungayino.cl\/noticias\/index.php?rest_route=%2Fwp%2Fv2%2Fmedia&parent=18675"}],"wp:term":[{"taxonomy":"category","embeddable":true,"href":"https:\/\/www.yungayino.cl\/noticias\/index.php?rest_route=%2Fwp%2Fv2%2Fcategories&post=18675"},{"taxonomy":"post_tag","embeddable":true,"href":"https:\/\/www.yungayino.cl\/noticias\/index.php?rest_route=%2Fwp%2Fv2%2Ftags&post=18675"}],"curies":[{"name":"wp","href":"https:\/\/api.w.org\/{rel}","templated":true}]}}