{"id":18861,"date":"2018-02-12T20:45:59","date_gmt":"2018-02-12T23:45:59","guid":{"rendered":"http:\/\/www.yungayino.cl\/noticias\/?p=18861"},"modified":"2018-02-12T20:45:59","modified_gmt":"2018-02-12T23:45:59","slug":"cientifico-sancarlino-que-busca-cura-para-el-alzheimer-realizara-conferencia-abierta-en-chillan","status":"publish","type":"post","link":"https:\/\/www.yungayino.cl\/noticias\/?p=18861","title":{"rendered":"Cient\u00edfico Sancarlino que Busca Cura para el Alzheimer Realizar\u00e1 Conferencia Abierta en Chill\u00e1n"},"content":{"rendered":"<p><img loading=\"lazy\" decoding=\"async\" class=\"alignnone size-full wp-image-18863\" src=\"http:\/\/www.yungayino.cl\/noticias\/wp-content\/uploads\/2018\/02\/victor-bustos-1.jpg\" alt=\"\" width=\"750\" height=\"350\" srcset=\"https:\/\/www.yungayino.cl\/noticias\/wp-content\/uploads\/2018\/02\/victor-bustos-1.jpg 750w, https:\/\/www.yungayino.cl\/noticias\/wp-content\/uploads\/2018\/02\/victor-bustos-1-300x140.jpg 300w, https:\/\/www.yungayino.cl\/noticias\/wp-content\/uploads\/2018\/02\/victor-bustos-1-321x150.jpg 321w\" sizes=\"auto, (max-width: 750px) 100vw, 750px\" \/><\/p>\n<ul>\n<li>V\u00edctor Bustos se desempe\u00f1a como investigador del \u201cCentro Fisher para la Investigaci\u00f3n del Alzheimer\u201d de la Universidad Rockefeller en Nueva York. Llega invitado por el Servicio de Salud \u00d1uble y el Hospital de San Carlos, para compartir parte del trabajo que realiza junto al Premio Nobel de Medicina, Paul Greengard, en la b\u00fasqueda de nuevos tratamientos para combatir el Alzheimer.<\/li>\n<\/ul>\n<ul>\n<li>La conferencia \u201cAlzheimer: avances y desaf\u00edos para una sociedad que envejece\u201d se realizar\u00e1 en el Auditorio del Hospital Cl\u00ednico Herminda Mart\u00edn de Chill\u00e1n el d\u00eda viernes 16 de febrero a partir de las 10.45 horas.<\/li>\n<\/ul>\n<p style=\"text-align: justify;\"><strong>Nacional, 12 de febrero de 2018<\/strong>; Seg\u00fan datos de la Organizaci\u00f3n Mundial de la Salud (ONU) entre 2000 y 2050 la proporci\u00f3n de habitantes del planeta mayores de 60 a\u00f1os se duplicar\u00e1. El riesgo de padecer enfermedades neurodegenerativas aumenta con la edad y entre ellas el Alzheimer es la m\u00e1s com\u00fan. Por esto, la comunidad cient\u00edfica internacional trabaja en el desarrollo de una nueva investigaci\u00f3n que permita dar con una cura para esta enfermedad.<\/p>\n<p style=\"text-align: justify;\">V\u00edctor Bustos est\u00e1 a la vanguardia de este grupo de cient\u00edficos. <strong>El sancarlino trabaja descubriendo los mecanismos tras el desarrollo del Alzheimer junto a Paul Greengard, Premio Nobel de Medicina (a\u00f1o 2000). Sus m\u00e1s recientes investigaciones han marcado un punto de inicio para la creaci\u00f3n de un f\u00e1rmaco que podr\u00eda ayudar a los pacientes de Alzheimer, incluso antes de que comiencen a mostrar los primeros s\u00edntomas<\/strong>.<\/p>\n<p style=\"text-align: justify;\">La investigaci\u00f3n de Bustos cobr\u00f3 relevancia internacional cuando public\u00f3 sus descubrimientos sobre la prote\u00edna presenilina en la revista PNAS, de la Academia Nacional de Ciencias de EE.UU, brindando una nueva alternativa terap\u00e9utica para combatir el alzh\u00e9imer.<\/p>\n<p style=\"text-align: justify;\">\u201c<strong>En la charla la idea es compartir una visi\u00f3n sobre qu\u00e9 es el Alzheimer y c\u00f3mo se ha enfrentado hasta ahora, para despu\u00e9s mostrar qu\u00e9 estamos haciendo y de qu\u00e9 forma estos avances cient\u00edficos pueden contribuir con nuevos tratamientos para una enfermedad cada vez m\u00e1s com\u00fan en el mundo<\/strong>\u201d, se\u00f1al\u00f3 el investigador, desde Nueva York.<\/p>\n<p style=\"text-align: justify;\">V\u00edctor fue invitado por el Servicio de Salud \u00d1uble y el Hospital de San Carlos, instituciones con las que guarda especial relaci\u00f3n, pues su madre Rosal\u00eda M\u00e9ndez, se desempe\u00f1\u00f3 por m\u00e1s de 40 a\u00f1os como param\u00e9dico de este \u00faltimo establecimiento asistencial<span style=\"text-decoration: line-through;\">.<\/span><\/p>\n<p style=\"text-align: justify;\">\u201cPor la cercan\u00eda de la familia de V\u00edctor con nuestro Hospital sab\u00edamos de su trabajo y de c\u00f3mo fue avanzando en su carrera cient\u00edfica. Hace mucho que quer\u00edamos que compartiera sus avances con nuestros funcionarios, por lo que estamos muy contentos de concretarlo ahora\u201d, explic\u00f3 la Directora del Hospital de San Carlos, Alicia Contreras Vielma.<\/p>\n<p style=\"text-align: justify;\">Respecto de la visita, el Director del Servicio de Salud \u00d1uble, Iv\u00e1n Paul Espinoza se\u00f1al\u00f3: \u201c<strong>Creemos que es una gran oportunidad para conocer su investigaci\u00f3n y acercar a nuestra comunidad a un tema que vincula tan profundamente a la ciencia con la salud p\u00fablica. A su vez, este tipo de actividades nos permite sensibilizar a la poblaci\u00f3n respecto de lo que implica esta enfermedad<\/strong>\u201d.<\/p>\n<p style=\"text-align: justify;\">\u201cEn Chile se estima que cerca de 180 mil personas actualmente padecen de Alzheimer. Por tanto, la necesidad de abordarlo desde las pol\u00edticas p\u00fablicas y estar atentos a los avances cient\u00edficos sobre esta enfermedad resulta fundamental\u201d, a\u00f1adi\u00f3 el directivo.<\/p>\n<ul>\n<li><strong>La charla se realizar\u00e1 en el Auditorio del Hospital Cl\u00ednico Herminda Mart\u00edn de Chill\u00e1n, el viernes 16 de febrero a partir de las 10:45 horas y es abierta al p\u00fablico, previa inscripci\u00f3n en comunicaciones.nuble@redsalud.gob.cl<\/strong><\/li>\n<\/ul>\n<p>&nbsp;<\/p>\n","protected":false},"excerpt":{"rendered":"<p>V\u00edctor Bustos se desempe\u00f1a como investigador del \u201cCentro Fisher para la Investigaci\u00f3n del Alzheimer\u201d de la Universidad Rockefeller en Nueva York. Llega invitado por el Servicio de Salud \u00d1uble y el Hospital de San&#46;&#46;&#46;<\/p>\n","protected":false},"author":1,"featured_media":18863,"comment_status":"closed","ping_status":"open","sticky":false,"template":"","format":"standard","meta":{"footnotes":""},"categories":[3,1,1676],"tags":[1558,1636,65,1483],"class_list":["post-18861","post","type-post","status-publish","format-standard","has-post-thumbnail","hentry","category-actualidad","category-noticias","category-salud","tag-alzheimer","tag-charla","tag-salud","tag-servicio-de-salud-nuble"],"_links":{"self":[{"href":"https:\/\/www.yungayino.cl\/noticias\/index.php?rest_route=\/wp\/v2\/posts\/18861","targetHints":{"allow":["GET"]}}],"collection":[{"href":"https:\/\/www.yungayino.cl\/noticias\/index.php?rest_route=\/wp\/v2\/posts"}],"about":[{"href":"https:\/\/www.yungayino.cl\/noticias\/index.php?rest_route=\/wp\/v2\/types\/post"}],"author":[{"embeddable":true,"href":"https:\/\/www.yungayino.cl\/noticias\/index.php?rest_route=\/wp\/v2\/users\/1"}],"replies":[{"embeddable":true,"href":"https:\/\/www.yungayino.cl\/noticias\/index.php?rest_route=%2Fwp%2Fv2%2Fcomments&post=18861"}],"version-history":[{"count":1,"href":"https:\/\/www.yungayino.cl\/noticias\/index.php?rest_route=\/wp\/v2\/posts\/18861\/revisions"}],"predecessor-version":[{"id":18864,"href":"https:\/\/www.yungayino.cl\/noticias\/index.php?rest_route=\/wp\/v2\/posts\/18861\/revisions\/18864"}],"wp:featuredmedia":[{"embeddable":true,"href":"https:\/\/www.yungayino.cl\/noticias\/index.php?rest_route=\/wp\/v2\/media\/18863"}],"wp:attachment":[{"href":"https:\/\/www.yungayino.cl\/noticias\/index.php?rest_route=%2Fwp%2Fv2%2Fmedia&parent=18861"}],"wp:term":[{"taxonomy":"category","embeddable":true,"href":"https:\/\/www.yungayino.cl\/noticias\/index.php?rest_route=%2Fwp%2Fv2%2Fcategories&post=18861"},{"taxonomy":"post_tag","embeddable":true,"href":"https:\/\/www.yungayino.cl\/noticias\/index.php?rest_route=%2Fwp%2Fv2%2Ftags&post=18861"}],"curies":[{"name":"wp","href":"https:\/\/api.w.org\/{rel}","templated":true}]}}