{"id":1888,"date":"2009-09-10T16:00:02","date_gmt":"2009-09-10T20:00:02","guid":{"rendered":"http:\/\/www.yungayino.cl\/noticias\/?p=1888"},"modified":"2009-09-10T23:42:05","modified_gmt":"2009-09-11T03:42:05","slug":"acto-en-escuela-fernando-baquedano-%c2%a1mama-papa-aprendi-a-leer%c2%a1","status":"publish","type":"post","link":"https:\/\/www.yungayino.cl\/noticias\/?p=1888","title":{"rendered":"Acto en Escuela Fernando Baquedano \u00a1Mam\u00e1, Pap\u00e1 Aprend\u00ed a Leer\u00a1"},"content":{"rendered":"<p><img decoding=\"async\" src=\"http:\/\/www.yungayino.cl\/imagenes\/aprendialeer.jpg\" alt=\"Acto en Escuela Fernando Baquedano \u00a1Mam\u00e1, Pap\u00e1 Aprend\u00ed a Leer\u00a1\" \/><\/p>\n<p align=\"justify\"><font size=\"2\">Yungay, 10 de Septiembre en el Gimnasio del la Escuela Fernando Baquedano se realizo el acto en el cu\u00e1l se celebro un hecho muy especial en la vida de los estudiantes de primeros b\u00e1sicos, donde los ni\u00f1os han logrado un primer triunfo en su vida escolar y ahora pueden decir con orgullo \u00a1Mama, Papa Aprend\u00ed a leer\u00a1. Se le hizo entrega de un diploma de honor a cada ni\u00f1o y se les regal\u00f3 un cuento, adem\u00e1s se cont\u00f3 con la presencia de la Directora Comunal de Educaci\u00f3n Eugenia L\u00f3pez Hern\u00e1ndez, Jefe T\u00e9cnico del DAEM Cecilia Molina, Director de la escuela Juan Arellano, Jefa Unidad T\u00e9cnica Sandra Correa, Profesores, Padres, Apoderados y Alumnos.<br \/>\n<a href=\"http:\/\/www.yungayino.cl\/noticias\/?p=1888#comments\">Comente Aqu\u00ed<\/a><br \/>\n<a href=\"http:\/\/www.flickr.com\/photos\/40100662@N06\/tags\/aprendialeer\/\">Fotograf\u00edas<\/a><br \/>\n<a href=\"http:\/\/www.youtube.com\/watch?v=nNbHdiIaDtc\">Video 1\u00ba A\u00f1o C<\/a><br \/>\n<a href=\"http:\/\/www.youtube.com\/watch?v=dsr1E3qYGEc\">Video Taller de Danza<\/a><\/font><\/p>\n","protected":false},"excerpt":{"rendered":"<p>Yungay, 10 de Septiembre en el Gimnasio del la Escuela Fernando Baquedano se realizo el acto en el cu\u00e1l se celebro un hecho muy especial en la vida de los estudiantes de primeros b\u00e1sicos,&#46;&#46;&#46;<\/p>\n","protected":false},"author":2,"featured_media":15099,"comment_status":"open","ping_status":"open","sticky":false,"template":"","format":"standard","meta":{"footnotes":""},"categories":[1],"tags":[1115,8,6],"class_list":["post-1888","post","type-post","status-publish","format-standard","has-post-thumbnail","hentry","category-noticias","tag-noticias","tag-yungay","tag-yungayino"],"_links":{"self":[{"href":"https:\/\/www.yungayino.cl\/noticias\/index.php?rest_route=\/wp\/v2\/posts\/1888","targetHints":{"allow":["GET"]}}],"collection":[{"href":"https:\/\/www.yungayino.cl\/noticias\/index.php?rest_route=\/wp\/v2\/posts"}],"about":[{"href":"https:\/\/www.yungayino.cl\/noticias\/index.php?rest_route=\/wp\/v2\/types\/post"}],"author":[{"embeddable":true,"href":"https:\/\/www.yungayino.cl\/noticias\/index.php?rest_route=\/wp\/v2\/users\/2"}],"replies":[{"embeddable":true,"href":"https:\/\/www.yungayino.cl\/noticias\/index.php?rest_route=%2Fwp%2Fv2%2Fcomments&post=1888"}],"version-history":[{"count":10,"href":"https:\/\/www.yungayino.cl\/noticias\/index.php?rest_route=\/wp\/v2\/posts\/1888\/revisions"}],"predecessor-version":[{"id":1895,"href":"https:\/\/www.yungayino.cl\/noticias\/index.php?rest_route=\/wp\/v2\/posts\/1888\/revisions\/1895"}],"wp:featuredmedia":[{"embeddable":true,"href":"https:\/\/www.yungayino.cl\/noticias\/index.php?rest_route=\/wp\/v2\/media\/15099"}],"wp:attachment":[{"href":"https:\/\/www.yungayino.cl\/noticias\/index.php?rest_route=%2Fwp%2Fv2%2Fmedia&parent=1888"}],"wp:term":[{"taxonomy":"category","embeddable":true,"href":"https:\/\/www.yungayino.cl\/noticias\/index.php?rest_route=%2Fwp%2Fv2%2Fcategories&post=1888"},{"taxonomy":"post_tag","embeddable":true,"href":"https:\/\/www.yungayino.cl\/noticias\/index.php?rest_route=%2Fwp%2Fv2%2Ftags&post=1888"}],"curies":[{"name":"wp","href":"https:\/\/api.w.org\/{rel}","templated":true}]}}