{"id":18971,"date":"2018-04-13T15:00:24","date_gmt":"2018-04-13T18:00:24","guid":{"rendered":"http:\/\/www.yungayino.cl\/noticias\/?p=18971"},"modified":"2018-04-13T17:21:18","modified_gmt":"2018-04-13T20:21:18","slug":"profesores-y-asistentes-de-la-educacion-del-liceo-yungay-despiden-a-quien-fuera-su-director-por-5-anos-don-sergio-villalobos-moreno","status":"publish","type":"post","link":"https:\/\/www.yungayino.cl\/noticias\/?p=18971","title":{"rendered":"Profesores y Asistentes de la Educaci\u00f3n del Liceo Yungay, Despiden, a Quien Fuera su Director por 5 a\u00f1os, Don Sergio Villalobos Moreno"},"content":{"rendered":"<p><img loading=\"lazy\" decoding=\"async\" class=\"alignnone size-full wp-image-18972\" src=\"http:\/\/www.yungayino.cl\/noticias\/wp-content\/uploads\/2018\/04\/cambio_director_liceo_2018.jpg\" alt=\"\" width=\"700\" height=\"350\" srcset=\"https:\/\/www.yungayino.cl\/noticias\/wp-content\/uploads\/2018\/04\/cambio_director_liceo_2018.jpg 700w, https:\/\/www.yungayino.cl\/noticias\/wp-content\/uploads\/2018\/04\/cambio_director_liceo_2018-300x150.jpg 300w\" sizes=\"auto, (max-width: 700px) 100vw, 700px\" \/><\/p>\n<p style=\"text-align: justify;\">Yungay, viernes 13 abril 2018: el pasado viernes 06 de Abril del 2018 en el centro de eventos Multiespacios Terramedia, los profesores y asistentes de la educaci\u00f3n del Liceo Yungay, despidieron a quien fuera su Director por 5 a\u00f1os, Don Sergio Villalobos Moreno.<\/p>\n<p style=\"text-align: justify;\"><iframe loading=\"lazy\" style=\"border: none; overflow: hidden;\" src=\"https:\/\/www.facebook.com\/plugins\/post.php?href=https:\/\/www.facebook.com\/media\/set\/?set=a.2046793292002366.1073743233.159561284058919&amp;type=1&amp;l=4a3c78f5cf&amp;l=a77e327dc6&amp;l=f5951f1994&amp;l=bfecbb8adf&amp;l=687b6bf5da&amp;width=500&amp;show_text=true&amp;height=691&amp;appId\" width=\"500\" height=\"691\" frameborder=\"0\" scrolling=\"no\"><\/iframe><\/p>\n<p style=\"text-align: justify;\">En una cena, con m\u00fasica en vivo y un grato ambiente tuvo lugar dicha actividad en la cual tambi\u00e9n estuvo presente don Antonio Zepeda Novoa, actual Director del establecimiento.<\/p>\n<p style=\"text-align: justify;\">En un intercambio de parabienes, deseos de \u00e9xito y bendiciones de parte de ambos directores, transcurri\u00f3 esta velada, donde hubo un emotivo \u201ctraspaso de mando\u201d cuando, el Director saliente, Don Sergio Villalobos hizo entrega de la tarjeta de identificaci\u00f3n del Liceo al Director Actual, don Antonio Zepeda, junto con \u201cdesearle el mejor de los \u00e9xitos en su inicio de gesti\u00f3n\u201d.<\/p>\n<p style=\"text-align: justify;\">Don Sergio Villalobos, por su parte, recibi\u00f3 de parte de los profesores y asistentes de la educaci\u00f3n un galvano en el cual manifestaron el reconocimiento a su gesti\u00f3n, entrega y disposici\u00f3n al trabajo bien hecho.<\/p>\n<p style=\"text-align: justify;\">Se\u00f1ora Valerie Cofre O\u00f1ate, en representaci\u00f3n de los docentes presentes, se\u00f1al\u00f3 \u201ctener sentimientos encontrados y recalc\u00f3 el agradecimiento a don Sergio por su entrega y dedicaci\u00f3n y el \u00e9xito en todo lo que el destino le depare, y para don Antonio Zepeda, actual director, le manifest\u00f3 el compromiso con su gesti\u00f3n y en especial, con los estudiantes que son el motor que mueve d\u00eda a d\u00eda los esfuerzos de toda la comunidad educativa\u201d.<\/p>\n<p style=\"text-align: justify;\">Por su parte, la se\u00f1orita Valeska Canales Reyes, representante de los asistentes de la educaci\u00f3n, dirigi\u00f3 algunas palabras en torno a \u201cdesearle a don Sergio lo mejor en la nueva etapa que inicia y tambi\u00e9n a don Antonio el apoyo a su mandato el cual se traduce en el trabajo mancomunado de los asistentes de la educaci\u00f3n\u201d.<\/p>\n<p style=\"text-align: justify;\">[su_button url=\u00bbhttps:\/\/www.facebook.com\/media\/set\/?set=a.2046793292002366.1073743233.159561284058919&amp;type=1&amp;l=4a3c78f5cf\u00bb target=\u00bbblank\u00bb size=\u00bb7&#8243; radius=\u00bbround\u00bb icon=\u00bbicon: facebook-square\u00bb]FOTOGRAF\u00cdAS &#8211; Profesores y Asistentes de la Educaci\u00f3n del Liceo Yungay, Despiden, a Quien Fuera su Director por 5 a\u00f1os, Don Sergio Villalobos Moreno[\/su_button]<\/p>\n","protected":false},"excerpt":{"rendered":"<p>Yungay, viernes 13 abril 2018: el pasado viernes 06 de Abril del 2018 en el centro de eventos Multiespacios Terramedia, los profesores y asistentes de la educaci\u00f3n del Liceo Yungay, despidieron a quien fuera&#46;&#46;&#46;<\/p>\n","protected":false},"author":2,"featured_media":18972,"comment_status":"closed","ping_status":"open","sticky":false,"template":"","format":"standard","meta":{"footnotes":""},"categories":[1493,1],"tags":[1700,89,1115,8,6,117],"class_list":["post-18971","post","type-post","status-publish","format-standard","has-post-thumbnail","hentry","category-educacion","category-noticias","tag-director","tag-liceo-yungay","tag-noticias","tag-yungay","tag-yungayino","tag-yungayinocl"],"_links":{"self":[{"href":"https:\/\/www.yungayino.cl\/noticias\/index.php?rest_route=\/wp\/v2\/posts\/18971","targetHints":{"allow":["GET"]}}],"collection":[{"href":"https:\/\/www.yungayino.cl\/noticias\/index.php?rest_route=\/wp\/v2\/posts"}],"about":[{"href":"https:\/\/www.yungayino.cl\/noticias\/index.php?rest_route=\/wp\/v2\/types\/post"}],"author":[{"embeddable":true,"href":"https:\/\/www.yungayino.cl\/noticias\/index.php?rest_route=\/wp\/v2\/users\/2"}],"replies":[{"embeddable":true,"href":"https:\/\/www.yungayino.cl\/noticias\/index.php?rest_route=%2Fwp%2Fv2%2Fcomments&post=18971"}],"version-history":[{"count":3,"href":"https:\/\/www.yungayino.cl\/noticias\/index.php?rest_route=\/wp\/v2\/posts\/18971\/revisions"}],"predecessor-version":[{"id":18975,"href":"https:\/\/www.yungayino.cl\/noticias\/index.php?rest_route=\/wp\/v2\/posts\/18971\/revisions\/18975"}],"wp:featuredmedia":[{"embeddable":true,"href":"https:\/\/www.yungayino.cl\/noticias\/index.php?rest_route=\/wp\/v2\/media\/18972"}],"wp:attachment":[{"href":"https:\/\/www.yungayino.cl\/noticias\/index.php?rest_route=%2Fwp%2Fv2%2Fmedia&parent=18971"}],"wp:term":[{"taxonomy":"category","embeddable":true,"href":"https:\/\/www.yungayino.cl\/noticias\/index.php?rest_route=%2Fwp%2Fv2%2Fcategories&post=18971"},{"taxonomy":"post_tag","embeddable":true,"href":"https:\/\/www.yungayino.cl\/noticias\/index.php?rest_route=%2Fwp%2Fv2%2Ftags&post=18971"}],"curies":[{"name":"wp","href":"https:\/\/api.w.org\/{rel}","templated":true}]}}