{"id":18987,"date":"2018-04-19T10:00:09","date_gmt":"2018-04-19T13:00:09","guid":{"rendered":"http:\/\/www.yungayino.cl\/noticias\/?p=18987"},"modified":"2018-04-19T15:11:16","modified_gmt":"2018-04-19T18:11:16","slug":"liceo-a-17-de-yungay-realizo-ceremonia-inaugural-dual-2018","status":"publish","type":"post","link":"https:\/\/www.yungayino.cl\/noticias\/?p=18987","title":{"rendered":"Liceo A -17 de Yungay Realiz\u00f3 Ceremonia Inaugural Dual 2018"},"content":{"rendered":"<p><img loading=\"lazy\" decoding=\"async\" class=\"alignnone size-full wp-image-18988\" src=\"http:\/\/www.yungayino.cl\/noticias\/wp-content\/uploads\/2018\/04\/dual_2018.jpg\" alt=\"\" width=\"700\" height=\"350\" srcset=\"https:\/\/www.yungayino.cl\/noticias\/wp-content\/uploads\/2018\/04\/dual_2018.jpg 700w, https:\/\/www.yungayino.cl\/noticias\/wp-content\/uploads\/2018\/04\/dual_2018-300x150.jpg 300w\" sizes=\"auto, (max-width: 700px) 100vw, 700px\" \/><\/p>\n<p style=\"text-align: justify;\">Yungay, jueves 19 de abril 2018: En las dependencias del Auditorio de la Biblioteca Municipal se llev\u00f3 a cabo el pasado martes 17 la Ceremonia Inaugural del Programa Dual A\u00f1o 2018, organizada por el Liceo A -17 de Yungay.<\/p>\n<p style=\"text-align: justify;\"><iframe loading=\"lazy\" style=\"border: none; overflow: hidden;\" src=\"https:\/\/www.facebook.com\/plugins\/post.php?href=https:\/\/www.facebook.com\/media\/set\/?set=a.2053006308047731.1073743237.159561284058919&amp;type=1&amp;l=7d47ecbd26&amp;l=a77e327dc6&amp;l=f5951f1994&amp;l=bfecbb8adf&amp;l=687b6bf5da&amp;width=500&amp;show_text=true&amp;height=691&amp;appId\" width=\"500\" height=\"691\" frameborder=\"0\" scrolling=\"no\"><\/iframe><\/p>\n<p style=\"text-align: justify;\">Con esta ceremonia se dio inicio a un nuevo a\u00f1o de formaci\u00f3n profesional Dual de la Ense\u00f1anza T\u00e9cnico Profesional, donde se procedi\u00f3 a la investidura de los estudiantes del Tercer a\u00f1o medio de la Especialidad Administraci\u00f3n Menci\u00f3n Log\u00edstica y el Tercer a\u00f1o medio de la Especialidad Electricidad que los habilita para comenzar esta nueva etapa escolar y as\u00ed cumplir con la valiosa misi\u00f3n que es: \u201cla formaci\u00f3n de personas, hombres y mujeres con fuerza de trabajo, \u00fatiles para la comuna, el pa\u00eds y la sociedad en general\u201d.<\/p>\n<p style=\"text-align: justify;\">La actividad cont\u00f3 con la asistencia del Alcalde Sr. Rafael Cifuentes, la Jefa del Departamento de Educaci\u00f3n, DAEM, Sra. Eugenia L\u00f3pez, el Presidente del Consejo Asesor Empresarial, Sr. Rodrigo Inostroza Castro, el Gerente de la Planta Trup\u00e1n Cholgu\u00e1n, Sr. Marcelo Cifuentes, el Director del Liceo A-17 Sr. Antonio Zepeda Novoa, adem\u00e1s de los Concejales, Representantes del Centro General de Padres, Representantes de los Docentes e Invitados Especiales.<\/p>\n<p style=\"text-align: justify;\">El Profesor de Artes Musicales Sr. Marcos Constanza fue el encargado de dirigir el Himno Nacional y posteriormente el Himno del Liceo Yungay, adem\u00e1s durante la ceremonia se realiz\u00f3 la presentaci\u00f3n de un n\u00famero musical realizado por los alumnos del 4\u00b0 A\u00f1o Medio de la Especialidad Administraci\u00f3n Menci\u00f3n Log\u00edstica, quienes deleitaron con la interpretaci\u00f3n y baile del tema \u201cGracias a la Vida\u201d de Violeta Parra.<\/p>\n<p style=\"text-align: justify;\">Destacar que el modelo de formaci\u00f3n Dual surge como una manera innovadora y eficaz para suplir a las empresas de personal espec\u00edficamente capacitado en sus labores, dar a los estudiantes las herramientas que necesitan para surgir a nivel personal y profesional que Chile necesita.<\/p>\n<p style=\"text-align: justify;\">Finalmente terminada la ceremonia los presentes compartieron un c\u00f3ctel de celebraci\u00f3n de un nuevo a\u00f1o de trabajo con la Modalidad Dual, organizado por la Empresa Arauco y realizado por el Taller Laboral del Liceo.<\/p>\n<p style=\"text-align: justify;\">[su_button url=\u00bbhttps:\/\/www.facebook.com\/media\/set\/?set=a.2053006308047731.1073743237.159561284058919&amp;type=1&amp;l=7d47ecbd26&#8243; target=\u00bbblank\u00bb size=\u00bb7&#8243; radius=\u00bbround\u00bb icon=\u00bbicon: facebook-square\u00bb]FOTOGRAF\u00cdAS &#8211; Liceo A -17 de Yungay Realiz\u00f3 Ceremonia Inaugural Dual 2018[\/su_button]<\/p>\n","protected":false},"excerpt":{"rendered":"<p>Yungay, jueves 19 de abril 2018: En las dependencias del Auditorio de la Biblioteca Municipal se llev\u00f3 a cabo el pasado martes 17 la Ceremonia Inaugural del Programa Dual A\u00f1o 2018, organizada por el&#46;&#46;&#46;<\/p>\n","protected":false},"author":2,"featured_media":18988,"comment_status":"closed","ping_status":"open","sticky":false,"template":"","format":"standard","meta":{"footnotes":""},"categories":[1],"tags":[1319,366,89,1115,6,117],"class_list":["post-18987","post","type-post","status-publish","format-standard","has-post-thumbnail","hentry","category-noticias","tag-dual","tag-educacion","tag-liceo-yungay","tag-noticias","tag-yungayino","tag-yungayinocl"],"_links":{"self":[{"href":"https:\/\/www.yungayino.cl\/noticias\/index.php?rest_route=\/wp\/v2\/posts\/18987","targetHints":{"allow":["GET"]}}],"collection":[{"href":"https:\/\/www.yungayino.cl\/noticias\/index.php?rest_route=\/wp\/v2\/posts"}],"about":[{"href":"https:\/\/www.yungayino.cl\/noticias\/index.php?rest_route=\/wp\/v2\/types\/post"}],"author":[{"embeddable":true,"href":"https:\/\/www.yungayino.cl\/noticias\/index.php?rest_route=\/wp\/v2\/users\/2"}],"replies":[{"embeddable":true,"href":"https:\/\/www.yungayino.cl\/noticias\/index.php?rest_route=%2Fwp%2Fv2%2Fcomments&post=18987"}],"version-history":[{"count":1,"href":"https:\/\/www.yungayino.cl\/noticias\/index.php?rest_route=\/wp\/v2\/posts\/18987\/revisions"}],"predecessor-version":[{"id":18989,"href":"https:\/\/www.yungayino.cl\/noticias\/index.php?rest_route=\/wp\/v2\/posts\/18987\/revisions\/18989"}],"wp:featuredmedia":[{"embeddable":true,"href":"https:\/\/www.yungayino.cl\/noticias\/index.php?rest_route=\/wp\/v2\/media\/18988"}],"wp:attachment":[{"href":"https:\/\/www.yungayino.cl\/noticias\/index.php?rest_route=%2Fwp%2Fv2%2Fmedia&parent=18987"}],"wp:term":[{"taxonomy":"category","embeddable":true,"href":"https:\/\/www.yungayino.cl\/noticias\/index.php?rest_route=%2Fwp%2Fv2%2Fcategories&post=18987"},{"taxonomy":"post_tag","embeddable":true,"href":"https:\/\/www.yungayino.cl\/noticias\/index.php?rest_route=%2Fwp%2Fv2%2Ftags&post=18987"}],"curies":[{"name":"wp","href":"https:\/\/api.w.org\/{rel}","templated":true}]}}