{"id":19000,"date":"2018-04-23T08:00:05","date_gmt":"2018-04-23T11:00:05","guid":{"rendered":"http:\/\/www.yungayino.cl\/noticias\/?p=19000"},"modified":"2018-04-23T09:20:41","modified_gmt":"2018-04-23T12:20:41","slug":"destacada-gala-folclorica-realizo-el-club-pasion-cuequera-de-yungay","status":"publish","type":"post","link":"https:\/\/www.yungayino.cl\/noticias\/?p=19000","title":{"rendered":"Destacada Gala Folcl\u00f3rica Realiz\u00f3 el Club \u201cPasi\u00f3n Cuequera\u201d de Yungay"},"content":{"rendered":"<p><img loading=\"lazy\" decoding=\"async\" class=\"alignnone size-full wp-image-19001\" src=\"http:\/\/www.yungayino.cl\/noticias\/wp-content\/uploads\/2018\/04\/pasion_cuequera_gala_2018.jpg\" alt=\"\" width=\"700\" height=\"425\" srcset=\"https:\/\/www.yungayino.cl\/noticias\/wp-content\/uploads\/2018\/04\/pasion_cuequera_gala_2018.jpg 700w, https:\/\/www.yungayino.cl\/noticias\/wp-content\/uploads\/2018\/04\/pasion_cuequera_gala_2018-300x182.jpg 300w, https:\/\/www.yungayino.cl\/noticias\/wp-content\/uploads\/2018\/04\/pasion_cuequera_gala_2018-247x150.jpg 247w\" sizes=\"auto, (max-width: 700px) 100vw, 700px\" \/><\/p>\n<p style=\"text-align: justify;\">Yungay, lunes 23 de abril 2018: Una destacada Gala Folcl\u00f3rica tuvo el pasado s\u00e1bado 21 de abril el Club <strong>\u201cPasi\u00f3n Cuequera\u201d<\/strong> de Yungay, la cual se llev\u00f3 a cabo en las dependencias de Sal\u00f3n Multiuso.<\/p>\n<p style=\"text-align: justify;\"><iframe loading=\"lazy\" style=\"border: none; overflow: hidden;\" src=\"https:\/\/www.facebook.com\/plugins\/post.php?href=https:\/\/www.facebook.com\/media\/set\/?set=a.2056916760990019.1073743240.159561284058919&amp;type=1&amp;l=c7f1243f0b&amp;l=a77e327dc6&amp;l=f5951f1994&amp;l=bfecbb8adf&amp;l=687b6bf5da&amp;width=500&amp;show_text=true&amp;height=691&amp;appId\" width=\"500\" height=\"691\" frameborder=\"0\" scrolling=\"no\"><\/iframe><\/p>\n<p style=\"text-align: justify;\">La impecable presentaci\u00f3n del club deleit\u00f3 al p\u00fablico y autoridades presentes, todo en el marco de su Proyecto \u201cCultivando Nuestras Danzas Tradicionales\u201d, iniciativa que fue financiada con la Subvenci\u00f3n 2% de la Cultura del Gobierno Regional del Bio Bio.<\/p>\n<p style=\"text-align: justify;\">Ingrid O\u00f1ate, Presidenta del Club Pasi\u00f3n Cuequera, se\u00f1alo al Equipo del Portal Yungayino.cl, que la presentaci\u00f3n fue todo un \u00e9xito y agradeci\u00f3 a todos los integrantes por la hermosa presentaci\u00f3n, donde pudieron mostrar su trabajo art\u00edstico a los presentes, destacando que el club tiene 12 a\u00f1os de vida y esperan que en el futuro puedan desarrollar m\u00e1s presentaciones, tambi\u00e9n destac\u00f3 que con el proyecto ganado pudieron adquirir vestimentas, amplificaci\u00f3n entre otras cosas, las cuales utilizaron durante esta gala.<\/p>\n<p style=\"text-align: justify;\">Finalmente al t\u00e9rmino de la presentaci\u00f3n el p\u00fablico y autoridades presentes aplaudieron y ovacionaron la hermosa gala.<\/p>\n<p style=\"text-align: justify;\">[su_button url=\u00bbhttps:\/\/www.facebook.com\/media\/set\/?set=a.2056916760990019.1073743240.159561284058919&amp;type=1&amp;l=c7f1243f0b\u00bb target=\u00bbblank\u00bb size=\u00bb7&#8243; radius=\u00bbround\u00bb icon=\u00bbicon: facebook-square\u00bb]FOTOGRAF\u00cdAS &#8211; Destacada Gala Folcl\u00f3rica Realiz\u00f3 el Club \u201cPasi\u00f3n Cuequera\u201d de Yungay[\/su_button]<\/p>\n","protected":false},"excerpt":{"rendered":"<p>Yungay, lunes 23 de abril 2018: Una destacada Gala Folcl\u00f3rica tuvo el pasado s\u00e1bado 21 de abril el Club \u201cPasi\u00f3n Cuequera\u201d de Yungay, la cual se llev\u00f3 a cabo en las dependencias de Sal\u00f3n&#46;&#46;&#46;<\/p>\n","protected":false},"author":2,"featured_media":19001,"comment_status":"closed","ping_status":"open","sticky":false,"template":"","format":"standard","meta":{"footnotes":""},"categories":[1],"tags":[593,1115,866,8,6,117],"class_list":["post-19000","post","type-post","status-publish","format-standard","has-post-thumbnail","hentry","category-noticias","tag-gala-folclorica","tag-noticias","tag-pasion-cuequera","tag-yungay","tag-yungayino","tag-yungayinocl"],"_links":{"self":[{"href":"https:\/\/www.yungayino.cl\/noticias\/index.php?rest_route=\/wp\/v2\/posts\/19000","targetHints":{"allow":["GET"]}}],"collection":[{"href":"https:\/\/www.yungayino.cl\/noticias\/index.php?rest_route=\/wp\/v2\/posts"}],"about":[{"href":"https:\/\/www.yungayino.cl\/noticias\/index.php?rest_route=\/wp\/v2\/types\/post"}],"author":[{"embeddable":true,"href":"https:\/\/www.yungayino.cl\/noticias\/index.php?rest_route=\/wp\/v2\/users\/2"}],"replies":[{"embeddable":true,"href":"https:\/\/www.yungayino.cl\/noticias\/index.php?rest_route=%2Fwp%2Fv2%2Fcomments&post=19000"}],"version-history":[{"count":1,"href":"https:\/\/www.yungayino.cl\/noticias\/index.php?rest_route=\/wp\/v2\/posts\/19000\/revisions"}],"predecessor-version":[{"id":19002,"href":"https:\/\/www.yungayino.cl\/noticias\/index.php?rest_route=\/wp\/v2\/posts\/19000\/revisions\/19002"}],"wp:featuredmedia":[{"embeddable":true,"href":"https:\/\/www.yungayino.cl\/noticias\/index.php?rest_route=\/wp\/v2\/media\/19001"}],"wp:attachment":[{"href":"https:\/\/www.yungayino.cl\/noticias\/index.php?rest_route=%2Fwp%2Fv2%2Fmedia&parent=19000"}],"wp:term":[{"taxonomy":"category","embeddable":true,"href":"https:\/\/www.yungayino.cl\/noticias\/index.php?rest_route=%2Fwp%2Fv2%2Fcategories&post=19000"},{"taxonomy":"post_tag","embeddable":true,"href":"https:\/\/www.yungayino.cl\/noticias\/index.php?rest_route=%2Fwp%2Fv2%2Ftags&post=19000"}],"curies":[{"name":"wp","href":"https:\/\/api.w.org\/{rel}","templated":true}]}}