{"id":19019,"date":"2018-04-27T10:00:33","date_gmt":"2018-04-27T13:00:33","guid":{"rendered":"http:\/\/www.yungayino.cl\/noticias\/?p=19019"},"modified":"2018-04-27T12:10:38","modified_gmt":"2018-04-27T15:10:38","slug":"conmemoracion-91-aniversario-de-carabineros","status":"publish","type":"post","link":"https:\/\/www.yungayino.cl\/noticias\/?p=19019","title":{"rendered":"Conmemoraci\u00f3n 91\u00b0 Aniversario de Carabineros"},"content":{"rendered":"<p><img loading=\"lazy\" decoding=\"async\" class=\"alignnone size-full wp-image-19020\" src=\"http:\/\/www.yungayino.cl\/noticias\/wp-content\/uploads\/2018\/04\/dia_carabinero_2018.jpg\" alt=\"\" width=\"700\" height=\"350\" srcset=\"https:\/\/www.yungayino.cl\/noticias\/wp-content\/uploads\/2018\/04\/dia_carabinero_2018.jpg 700w, https:\/\/www.yungayino.cl\/noticias\/wp-content\/uploads\/2018\/04\/dia_carabinero_2018-300x150.jpg 300w\" sizes=\"auto, (max-width: 700px) 100vw, 700px\" \/><\/p>\n<p style=\"text-align: justify;\">Yungay, viernes 27 de abril 2018: A las 8 de la ma\u00f1ana en el frontis de la Cuarta Comisar\u00eda de Yungay, se llev\u00f3 a cabo la ceremonia por la celebraci\u00f3n de un nuevo aniversario de Carabineros de Chile. Donde se hicieron presentes el Alcalde Sr. Rafael Cifuentes, Concejales, Autoridades locales, Directores de establecimientos educacionales e invitados especiales.<\/p>\n<p style=\"text-align: justify;\"><iframe loading=\"lazy\" style=\"border: none; overflow: hidden;\" src=\"https:\/\/www.facebook.com\/plugins\/post.php?href=https:\/\/www.facebook.com\/media\/set\/?set=a.2061482937200068.1073743242.159561284058919&amp;type=1&amp;l=d126f26446&amp;l=a77e327dc6&amp;l=f5951f1994&amp;l=bfecbb8adf&amp;l=687b6bf5da&amp;width=500&amp;show_text=true&amp;height=691&amp;appId\" width=\"500\" height=\"691\" frameborder=\"0\" scrolling=\"no\"><\/iframe><\/p>\n<p style=\"text-align: justify;\">El acto se inici\u00f3 con los rendimientos de honores de reglamento por parte del Suboficial Mayor Sr. Juan Carlos Espinoza, al Comisario de la Unidad Mayor Sr. Rodrigo D\u00edaz Albornoz, para luego continuar con la interpretaci\u00f3n del Himno Nacional e Izamiento del Pabell\u00f3n Patrio.<\/p>\n<p style=\"text-align: justify;\">En la ocasi\u00f3n el Mayor Sr. Rodrigo D\u00edaz Albornoz pidi\u00f3 perd\u00f3n por los errores cometidos como instituci\u00f3n y agradeci\u00f3 a todo el personal a cargo de El Carmen, Pemuco, Campanario y Yungay por dar lo mejor de s\u00ed en sus funciones, por su entrega, servicio, lealtad, compromiso, calidad humana y profesionalismo que entregan a toda la comunidad de Yungay y sectores aleda\u00f1os. Tambi\u00e9n agradeci\u00f3 las muestras de cari\u00f1o entregados por los establecimientos educacionales de la comuna y por toda la comunidad en general. Haciendo un llamado a mantener la cohesi\u00f3n con las Autoridades y organismos vivos de la comuna por el bienestar de los ciudadanos de Yungay y sectores aleda\u00f1os.<\/p>\n<p style=\"text-align: justify;\">Para continuar con la ceremonia el Suboficial Sr. David Carrasco Suazo, dio lectura a resoluci\u00f3n de ascensos de los funcionarios David Barra Sep\u00falveda (Cabo 1\u00b0) y Lorena Contreras Soto (Cabo 2\u00b0). Quienes fueron investidos en sus nuevos grados por el Mayor Sr. Rodrigo D\u00edaz Albornoz y sus respectivos familiares.<\/p>\n<p style=\"text-align: justify;\">Para finalizar esta actividad se enton\u00f3 el Himno de Carabineros, y los asistentes pasaron al interior del casino institucional, donde disfrutaron de un desayuno preparado para la ocasi\u00f3n.<\/p>\n<p style=\"text-align: justify;\">[su_button url=\u00bbhttps:\/\/www.facebook.com\/media\/set\/?set=a.2061482937200068.1073743242.159561284058919&amp;type=1&amp;l=d126f26446&#8243; target=\u00bbblank\u00bb size=\u00bb7&#8243; radius=\u00bbround\u00bb icon=\u00bbicon: facebook-square\u00bb]FOTOGRAF\u00cdAS &#8211; Conmemoraci\u00f3n 91\u00b0 Aniversario de Carabineros[\/su_button]<\/p>\n","protected":false},"excerpt":{"rendered":"<p>Yungay, viernes 27 de abril 2018: A las 8 de la ma\u00f1ana en el frontis de la Cuarta Comisar\u00eda de Yungay, se llev\u00f3 a cabo la ceremonia por la celebraci\u00f3n de un nuevo aniversario&#46;&#46;&#46;<\/p>\n","protected":false},"author":2,"featured_media":19020,"comment_status":"closed","ping_status":"open","sticky":false,"template":"","format":"standard","meta":{"footnotes":""},"categories":[1],"tags":[1709,25,1209,359,1115,8,6,117],"class_list":["post-19019","post","type-post","status-publish","format-standard","has-post-thumbnail","hentry","category-noticias","tag-91-aniversario","tag-carabineros","tag-cuarta-comisaria-de-yungay","tag-dia-carabinero","tag-noticias","tag-yungay","tag-yungayino","tag-yungayinocl"],"_links":{"self":[{"href":"https:\/\/www.yungayino.cl\/noticias\/index.php?rest_route=\/wp\/v2\/posts\/19019","targetHints":{"allow":["GET"]}}],"collection":[{"href":"https:\/\/www.yungayino.cl\/noticias\/index.php?rest_route=\/wp\/v2\/posts"}],"about":[{"href":"https:\/\/www.yungayino.cl\/noticias\/index.php?rest_route=\/wp\/v2\/types\/post"}],"author":[{"embeddable":true,"href":"https:\/\/www.yungayino.cl\/noticias\/index.php?rest_route=\/wp\/v2\/users\/2"}],"replies":[{"embeddable":true,"href":"https:\/\/www.yungayino.cl\/noticias\/index.php?rest_route=%2Fwp%2Fv2%2Fcomments&post=19019"}],"version-history":[{"count":3,"href":"https:\/\/www.yungayino.cl\/noticias\/index.php?rest_route=\/wp\/v2\/posts\/19019\/revisions"}],"predecessor-version":[{"id":19023,"href":"https:\/\/www.yungayino.cl\/noticias\/index.php?rest_route=\/wp\/v2\/posts\/19019\/revisions\/19023"}],"wp:featuredmedia":[{"embeddable":true,"href":"https:\/\/www.yungayino.cl\/noticias\/index.php?rest_route=\/wp\/v2\/media\/19020"}],"wp:attachment":[{"href":"https:\/\/www.yungayino.cl\/noticias\/index.php?rest_route=%2Fwp%2Fv2%2Fmedia&parent=19019"}],"wp:term":[{"taxonomy":"category","embeddable":true,"href":"https:\/\/www.yungayino.cl\/noticias\/index.php?rest_route=%2Fwp%2Fv2%2Fcategories&post=19019"},{"taxonomy":"post_tag","embeddable":true,"href":"https:\/\/www.yungayino.cl\/noticias\/index.php?rest_route=%2Fwp%2Fv2%2Ftags&post=19019"}],"curies":[{"name":"wp","href":"https:\/\/api.w.org\/{rel}","templated":true}]}}