{"id":19033,"date":"2018-04-27T22:00:25","date_gmt":"2018-04-28T01:00:25","guid":{"rendered":"http:\/\/www.yungayino.cl\/noticias\/?p=19033"},"modified":"2023-04-30T16:56:48","modified_gmt":"2023-04-30T20:56:48","slug":"cuenta-publica-municipalidad-de-yungay-gestion-2017","status":"publish","type":"post","link":"https:\/\/www.yungayino.cl\/noticias\/?p=19033","title":{"rendered":"Cuenta P\u00fablica Municipalidad de Yungay Gesti\u00f3n 2017"},"content":{"rendered":"<p><img loading=\"lazy\" decoding=\"async\" class=\"alignnone size-full wp-image-19034\" src=\"http:\/\/www.yungayino.cl\/noticias\/wp-content\/uploads\/2018\/04\/cuenta_publica_municipalidad_2018.jpg\" alt=\"\" width=\"700\" height=\"350\" srcset=\"https:\/\/www.yungayino.cl\/noticias\/wp-content\/uploads\/2018\/04\/cuenta_publica_municipalidad_2018.jpg 700w, https:\/\/www.yungayino.cl\/noticias\/wp-content\/uploads\/2018\/04\/cuenta_publica_municipalidad_2018-300x150.jpg 300w\" sizes=\"auto, (max-width: 700px) 100vw, 700px\" \/><\/p>\n<p style=\"text-align: justify;\">Yungay, viernes 27 de abril de 2018: En conformidad a lo se\u00f1alado en la Ley 18.695 Org\u00e1nica Constitucional de Municipalidades, \u201cel alcalde deber\u00e1 dar cuenta p\u00fablica al concejo, al consejo comunal de organizaciones de la sociedad civil y al consejo comunal de seguridad p\u00fablica, a m\u00e1s tardar en el mes de abril de cada a\u00f1o, de su gesti\u00f3n anual y de la marcha general de la municipalidad\u2026\u201c, indica parte del art\u00edculo 67.<\/p>\n<p style=\"text-align: justify;\"><iframe loading=\"lazy\" style=\"border: none; overflow: hidden;\" src=\"https:\/\/www.facebook.com\/plugins\/post.php?href=https:\/\/www.facebook.com\/media\/set\/?set=a.2061997123815316.1073743245.159561284058919&amp;type=1&amp;l=d4edfaa9a9&amp;l=a77e327dc6&amp;l=f5951f1994&amp;l=bfecbb8adf&amp;l=687b6bf5da&amp;width=500&amp;show_text=true&amp;height=691&amp;appId\" width=\"500\" height=\"691\" frameborder=\"0\" scrolling=\"no\"><\/iframe><\/p>\n<p style=\"text-align: justify;\">Fue as\u00ed que durante la ma\u00f1ana de este d\u00eda viernes el alcalde de la comuna, Sr. Rafael Cifuentes Rodr\u00edguez, encabez\u00f3 la sesi\u00f3n extraordinaria para este \u00fanico punto, la Cuenta P\u00fablica 2017, en el Auditorio de la Biblioteca Municipal frente a autoridades regionales, entre ellos estaban los diputados Sr. Jorge Sabag y Sra. Loreto Carvajal, Sr. Marcelo Cifuentes Gerente Planta Arauco Trupan Cholgu\u00e1n, Sr. Rodrigo D\u00edaz Albornoz Mayor de Carabineros, Sr. Jos\u00e9 Jara Pardo Director Hospital, adem\u00e1s de los concejales Sr. Rodrigo Stuardo, Sra. Ang\u00e9lica Cabezas, Sra. Juana Sandoval, Sra. Patricia Moncada, Sr. Ricardo Ramos y Sr. Juan Quezada, junto a autoridades locales y dirigentes vecinales.<\/p>\n<p style=\"text-align: justify;\">El inicio de la jornada contemplo la apertura de la sesi\u00f3n de reuni\u00f3n del Consejo Municipal, donde solicito la aprobaci\u00f3n de este para comenzar con las presentaciones de los propios directores de los diferentes departamentos municipales, quienes expusieron sus presentaciones din\u00e1micas a los asistentes.<\/p>\n<p style=\"text-align: justify;\">El alcalde Sr. Rafael Cifuentes se\u00f1alo al Equipo del Portal Yungayino.cl, que desde que llego al municipio ha estado realizando gestiones para \u00a0ir regularizando lo que es la parte administrativa de la municipalidad y agradeci\u00f3 a los asistentes y al consejo municipal que siempre ha estado apoyando las distintas iniciativas y aprobando todos los recursos que sean necesario para ir mejorando la parte administrativa y la gesti\u00f3n para la comuna de Yungay, destacando que con los recursos obtenidos han ido solucionado problemas de la gente como pavimentaciones, fondos para la infraestructura y equipamientos de la Educaci\u00f3n y Salud entre otros.<\/p>\n<p style=\"text-align: justify;\">Para finalizar esta actividad los asistentes compartieron un c\u00f3ctel.<\/p>\n<p style=\"text-align: justify;\">[su_button url=\u00bbhttps:\/\/www.facebook.com\/media\/set\/?set=a.2061997123815316.1073743245.159561284058919&amp;type=1&amp;l=d4edfaa9a9&#8243; target=\u00bbblank\u00bb size=\u00bb7&#8243; radius=\u00bbround\u00bb icon=\u00bbicon: facebook-square\u00bb]FOTOGRAF\u00cdAS &#8211; Cuenta P\u00fablica Municipalidad de Yungay Gesti\u00f3n 2017[\/su_button]<\/p>\n","protected":false},"excerpt":{"rendered":"<p>Yungay, viernes 27 de abril de 2018: En conformidad a lo se\u00f1alado en la Ley 18.695 Org\u00e1nica Constitucional de Municipalidades, \u201cel alcalde deber\u00e1 dar cuenta p\u00fablica al concejo, al consejo comunal de organizaciones de&#46;&#46;&#46;<\/p>\n","protected":false},"author":2,"featured_media":19034,"comment_status":"closed","ping_status":"open","sticky":false,"template":"","format":"standard","meta":{"footnotes":""},"categories":[1],"tags":[365,356,1115,8,6,117],"class_list":["post-19033","post","type-post","status-publish","format-standard","has-post-thumbnail","hentry","category-noticias","tag-cuenta-publica","tag-municipalidad","tag-noticias","tag-yungay","tag-yungayino","tag-yungayinocl"],"_links":{"self":[{"href":"https:\/\/www.yungayino.cl\/noticias\/index.php?rest_route=\/wp\/v2\/posts\/19033","targetHints":{"allow":["GET"]}}],"collection":[{"href":"https:\/\/www.yungayino.cl\/noticias\/index.php?rest_route=\/wp\/v2\/posts"}],"about":[{"href":"https:\/\/www.yungayino.cl\/noticias\/index.php?rest_route=\/wp\/v2\/types\/post"}],"author":[{"embeddable":true,"href":"https:\/\/www.yungayino.cl\/noticias\/index.php?rest_route=\/wp\/v2\/users\/2"}],"replies":[{"embeddable":true,"href":"https:\/\/www.yungayino.cl\/noticias\/index.php?rest_route=%2Fwp%2Fv2%2Fcomments&post=19033"}],"version-history":[{"count":3,"href":"https:\/\/www.yungayino.cl\/noticias\/index.php?rest_route=\/wp\/v2\/posts\/19033\/revisions"}],"predecessor-version":[{"id":28338,"href":"https:\/\/www.yungayino.cl\/noticias\/index.php?rest_route=\/wp\/v2\/posts\/19033\/revisions\/28338"}],"wp:featuredmedia":[{"embeddable":true,"href":"https:\/\/www.yungayino.cl\/noticias\/index.php?rest_route=\/wp\/v2\/media\/19034"}],"wp:attachment":[{"href":"https:\/\/www.yungayino.cl\/noticias\/index.php?rest_route=%2Fwp%2Fv2%2Fmedia&parent=19033"}],"wp:term":[{"taxonomy":"category","embeddable":true,"href":"https:\/\/www.yungayino.cl\/noticias\/index.php?rest_route=%2Fwp%2Fv2%2Fcategories&post=19033"},{"taxonomy":"post_tag","embeddable":true,"href":"https:\/\/www.yungayino.cl\/noticias\/index.php?rest_route=%2Fwp%2Fv2%2Ftags&post=19033"}],"curies":[{"name":"wp","href":"https:\/\/api.w.org\/{rel}","templated":true}]}}