{"id":19038,"date":"2018-05-01T15:00:41","date_gmt":"2018-05-01T18:00:41","guid":{"rendered":"http:\/\/www.yungayino.cl\/noticias\/?p=19038"},"modified":"2018-05-01T21:02:52","modified_gmt":"2018-05-02T00:02:52","slug":"jardin-infantil-rayo-de-luna-visito-a-carabineros-de-la-cuarta-comisaria-de-yungay","status":"publish","type":"post","link":"https:\/\/www.yungayino.cl\/noticias\/?p=19038","title":{"rendered":"Jard\u00edn Infantil \u201cRayo de Luna\u201d Visit\u00f3 a Carabineros de la Cuarta Comisaria de Yungay"},"content":{"rendered":"<p><img loading=\"lazy\" decoding=\"async\" class=\"alignnone size-full wp-image-19039\" src=\"http:\/\/www.yungayino.cl\/noticias\/wp-content\/uploads\/2018\/05\/carabineros_rayo_de_luna.jpg\" alt=\"\" width=\"700\" height=\"350\" srcset=\"https:\/\/www.yungayino.cl\/noticias\/wp-content\/uploads\/2018\/05\/carabineros_rayo_de_luna.jpg 700w, https:\/\/www.yungayino.cl\/noticias\/wp-content\/uploads\/2018\/05\/carabineros_rayo_de_luna-300x150.jpg 300w\" sizes=\"auto, (max-width: 700px) 100vw, 700px\" \/><\/p>\n<p style=\"text-align: justify;\">Yungay, martes 01 de mayo 2018: El Jard\u00edn Infantil \u201cRayo de Luna\u201d, perteneciente a la Fundaci\u00f3n INTEGRA de Yungay visit\u00f3 las dependencias de la Cuarta Comisaria de Carabineros de Yungay, el pasado jueves 26 de abril a partir de las 11:00 horas, visita que fue organizada por la Oficina de Integraci\u00f3n Comunitaria de la Cuarta Comisaria de Yungay a cargo del Suboficial Mayor Sr. Juan Carlos Espinoza.<\/p>\n<p style=\"text-align: justify;\"><iframe loading=\"lazy\" style=\"border: none; overflow: hidden;\" src=\"https:\/\/www.facebook.com\/plugins\/post.php?href=https:\/\/www.facebook.com\/media\/set\/?set=a.2066247263390302.1073743246.159561284058919&amp;type=1&amp;l=685e38f83a&amp;l=a77e327dc6&amp;l=f5951f1994&amp;l=bfecbb8adf&amp;l=687b6bf5da&amp;width=500&amp;show_text=true&amp;height=691&amp;appId\" width=\"500\" height=\"691\" frameborder=\"0\" scrolling=\"no\"><\/iframe><\/p>\n<p style=\"text-align: justify;\">El objetivo de esta actividad fue que los ni\u00f1os (as) compartieran con los funcionarios de Carabineros y recorrieran las dependencias, adem\u00e1s de conocer los veh\u00edculos policiales y por sobre todo darles a conocer que Carabineros de Chile son sus amigos y est\u00e1n para protegerlos.<\/p>\n<p style=\"text-align: justify;\">Paralelo a esto el Jard\u00edn Infantil saludo al Personal de Carabinero por sus 91 a\u00f1os de vida, para lo cual les hicieron entrega de un \u201cbander\u00edn\u201d confeccionado por los propios alumnos(as) y las t\u00edas del jard\u00edn, liderados por su Directora Srta. Yenny Cuiti\u00f1o O\u00f1ate.<\/p>\n<p style=\"text-align: justify;\">Finalmente la visita termino con la entrega de revistas institucionales y frutas por parte de Carabineros a los ni\u00f1os (as) dentro del marco de una vida saludable.<\/p>\n<p style=\"text-align: justify;\">[su_button url=\u00bbhttps:\/\/www.facebook.com\/media\/set\/?set=a.2066247263390302.1073743246.159561284058919&amp;type=1&amp;l=685e38f83a\u00bb target=\u00bbblank\u00bb size=\u00bb7&#8243; radius=\u00bbround\u00bb icon=\u00bbicon: facebook-square\u00bb]FOTOGRAF\u00cdAS &#8211; Jard\u00edn Infantil \u201cRayo de Luna\u201d Visit\u00f3 a Carabineros de la Cuarta Comisar\u00eda de Yungay[\/su_button]<\/p>\n","protected":false},"excerpt":{"rendered":"<p>Yungay, martes 01 de mayo 2018: El Jard\u00edn Infantil \u201cRayo de Luna\u201d, perteneciente a la Fundaci\u00f3n INTEGRA de Yungay visit\u00f3 las dependencias de la Cuarta Comisaria de Carabineros de Yungay, el pasado jueves 26&#46;&#46;&#46;<\/p>\n","protected":false},"author":2,"featured_media":19039,"comment_status":"closed","ping_status":"open","sticky":false,"template":"","format":"standard","meta":{"footnotes":""},"categories":[1],"tags":[25,1473,1115,1435,8,6,117],"class_list":["post-19038","post","type-post","status-publish","format-standard","has-post-thumbnail","hentry","category-noticias","tag-carabineros","tag-jardin","tag-noticias","tag-rayo-de-luna","tag-yungay","tag-yungayino","tag-yungayinocl"],"_links":{"self":[{"href":"https:\/\/www.yungayino.cl\/noticias\/index.php?rest_route=\/wp\/v2\/posts\/19038","targetHints":{"allow":["GET"]}}],"collection":[{"href":"https:\/\/www.yungayino.cl\/noticias\/index.php?rest_route=\/wp\/v2\/posts"}],"about":[{"href":"https:\/\/www.yungayino.cl\/noticias\/index.php?rest_route=\/wp\/v2\/types\/post"}],"author":[{"embeddable":true,"href":"https:\/\/www.yungayino.cl\/noticias\/index.php?rest_route=\/wp\/v2\/users\/2"}],"replies":[{"embeddable":true,"href":"https:\/\/www.yungayino.cl\/noticias\/index.php?rest_route=%2Fwp%2Fv2%2Fcomments&post=19038"}],"version-history":[{"count":3,"href":"https:\/\/www.yungayino.cl\/noticias\/index.php?rest_route=\/wp\/v2\/posts\/19038\/revisions"}],"predecessor-version":[{"id":19042,"href":"https:\/\/www.yungayino.cl\/noticias\/index.php?rest_route=\/wp\/v2\/posts\/19038\/revisions\/19042"}],"wp:featuredmedia":[{"embeddable":true,"href":"https:\/\/www.yungayino.cl\/noticias\/index.php?rest_route=\/wp\/v2\/media\/19039"}],"wp:attachment":[{"href":"https:\/\/www.yungayino.cl\/noticias\/index.php?rest_route=%2Fwp%2Fv2%2Fmedia&parent=19038"}],"wp:term":[{"taxonomy":"category","embeddable":true,"href":"https:\/\/www.yungayino.cl\/noticias\/index.php?rest_route=%2Fwp%2Fv2%2Fcategories&post=19038"},{"taxonomy":"post_tag","embeddable":true,"href":"https:\/\/www.yungayino.cl\/noticias\/index.php?rest_route=%2Fwp%2Fv2%2Ftags&post=19038"}],"curies":[{"name":"wp","href":"https:\/\/api.w.org\/{rel}","templated":true}]}}