{"id":19093,"date":"2018-05-13T15:00:13","date_gmt":"2018-05-13T18:00:13","guid":{"rendered":"http:\/\/www.yungayino.cl\/noticias\/?p=19093"},"modified":"2018-05-13T18:02:37","modified_gmt":"2018-05-13T21:02:37","slug":"acto-dia-del-estudiante-en-yungay-conto-con-la-asistencia-de-directora-provincial-de-educacion","status":"publish","type":"post","link":"https:\/\/www.yungayino.cl\/noticias\/?p=19093","title":{"rendered":"Acto \u201cD\u00eda del Estudiante\u201d en Yungay Cont\u00f3 con la Asistencia de Directora Provincial de Educaci\u00f3n"},"content":{"rendered":"<p><img loading=\"lazy\" decoding=\"async\" class=\"alignnone size-full wp-image-19094\" src=\"http:\/\/www.yungayino.cl\/noticias\/wp-content\/uploads\/2018\/05\/daem_dia_estudiante_2018.jpg\" alt=\"\" width=\"700\" height=\"350\" srcset=\"https:\/\/www.yungayino.cl\/noticias\/wp-content\/uploads\/2018\/05\/daem_dia_estudiante_2018.jpg 700w, https:\/\/www.yungayino.cl\/noticias\/wp-content\/uploads\/2018\/05\/daem_dia_estudiante_2018-300x150.jpg 300w\" sizes=\"auto, (max-width: 700px) 100vw, 700px\" \/><\/p>\n<p style=\"text-align: justify;\">Yungay, domingo 13 de mayo 2018: En las dependencias de la Escuela Fernando Baquedano se llev\u00f3 a cabo el d\u00eda viernes 11, el acto de celebraci\u00f3n de \u201cD\u00eda del Estudiante\u201d, el cual cont\u00f3 con la asistencia de la Directora Provincial de Educaci\u00f3n \u00d1uble, Sra. Cecilia Pradenas Seguel, el Alcalde Sr. Rafael Cifuentes, la Jefa del Departamento de Educaci\u00f3n Comunal, Sra. Eugenia L\u00f3pez, Concejales, Directores, Profesores, Alumnos, Apoderados e invitados especiales.<\/p>\n<p style=\"text-align: justify;\"><iframe loading=\"lazy\" style=\"border: none; overflow: hidden;\" src=\"https:\/\/www.facebook.com\/plugins\/post.php?href=https:\/\/www.facebook.com\/media\/set\/?set=a.2078820832132945.1073743256.159561284058919&amp;type=1&amp;l=a664f83531&amp;l=a77e327dc6&amp;l=f5951f1994&amp;l=bfecbb8adf&amp;l=687b6bf5da&amp;width=500&amp;show_text=true&amp;height=691&amp;appId\" width=\"500\" height=\"691\" frameborder=\"0\" scrolling=\"no\"><\/iframe><\/p>\n<p style=\"text-align: justify;\">El acto se dio inicio con la interpretaci\u00f3n del himno nacional, para luego continuar con el saludo a los presentes de la Directora Provincial de Educaci\u00f3n, Sra. Cecilia Pradenas, qui\u00e9n destac\u00f3 la celebraci\u00f3n del <strong>\u201cD\u00eda del Estudiante\u201d <\/strong>y agradeci\u00f3 a la autoridades por la invitaci\u00f3n a Yungay, para posteriormente entregar un mensaje con un resumen del programa del Presidente de la Rep\u00fablica, Sr. Sebasti\u00e1n Pi\u00f1era Eche\u00f1ique, recalcando que se trabajar\u00e1 fuertemente en la educaci\u00f3n parvulario y t\u00e9cnico profesional.<\/p>\n<p style=\"text-align: justify;\">En la ocasi\u00f3n hubo presentaci\u00f3n de n\u00fameros art\u00edsticos y presentaciones folcl\u00f3ricas representados por alumnos(as) de las Escuelas Rurales como Urbanas.<\/p>\n<p style=\"text-align: justify;\"><strong>Inauguraci\u00f3n Plaza de Juegos<\/strong><\/p>\n<p style=\"text-align: justify;\">Finalizado el acto las autoridades se trasladaron a las salas de los PreKiner y k\u00ednder para participar de una ceremonia emotiva que contemplaba la inauguraci\u00f3n de una <strong>Plaza de Juegos<\/strong>, la cual se realz\u00f3 con el tradicional corte de cinta.<\/p>\n<p style=\"text-align: justify;\">Para finalizar la actividad, se realiz\u00f3 un c\u00f3ctel que pudieron disfrutar todos los presentes.<\/p>\n<p style=\"text-align: justify;\">[su_button url=\u00bbhttps:\/\/www.facebook.com\/media\/set\/?set=a.2078820832132945.1073743256.159561284058919&amp;type=1&amp;l=a664f83531&#8243; target=\u00bbblank\u00bb size=\u00bb7&#8243; radius=\u00bbround\u00bb icon=\u00bbicon: facebook-square\u00bb]FOTOGRAF\u00cdAS &#8211; Acto \u201cD\u00eda del Estudiante\u201d en Yungay Cont\u00f3 con la Asistencia de Directora Provincial de Educaci\u00f3n[\/su_button]<\/p>\n","protected":false},"excerpt":{"rendered":"<p>Yungay, domingo 13 de mayo 2018: En las dependencias de la Escuela Fernando Baquedano se llev\u00f3 a cabo el d\u00eda viernes 11, el acto de celebraci\u00f3n de \u201cD\u00eda del Estudiante\u201d, el cual cont\u00f3 con&#46;&#46;&#46;<\/p>\n","protected":false},"author":2,"featured_media":19094,"comment_status":"closed","ping_status":"open","sticky":false,"template":"","format":"standard","meta":{"footnotes":""},"categories":[1],"tags":[355,1719,366,1115,8,6,117],"class_list":["post-19093","post","type-post","status-publish","format-standard","has-post-thumbnail","hentry","category-noticias","tag-daem","tag-dia-estudiante","tag-educacion","tag-noticias","tag-yungay","tag-yungayino","tag-yungayinocl"],"_links":{"self":[{"href":"https:\/\/www.yungayino.cl\/noticias\/index.php?rest_route=\/wp\/v2\/posts\/19093","targetHints":{"allow":["GET"]}}],"collection":[{"href":"https:\/\/www.yungayino.cl\/noticias\/index.php?rest_route=\/wp\/v2\/posts"}],"about":[{"href":"https:\/\/www.yungayino.cl\/noticias\/index.php?rest_route=\/wp\/v2\/types\/post"}],"author":[{"embeddable":true,"href":"https:\/\/www.yungayino.cl\/noticias\/index.php?rest_route=\/wp\/v2\/users\/2"}],"replies":[{"embeddable":true,"href":"https:\/\/www.yungayino.cl\/noticias\/index.php?rest_route=%2Fwp%2Fv2%2Fcomments&post=19093"}],"version-history":[{"count":2,"href":"https:\/\/www.yungayino.cl\/noticias\/index.php?rest_route=\/wp\/v2\/posts\/19093\/revisions"}],"predecessor-version":[{"id":19096,"href":"https:\/\/www.yungayino.cl\/noticias\/index.php?rest_route=\/wp\/v2\/posts\/19093\/revisions\/19096"}],"wp:featuredmedia":[{"embeddable":true,"href":"https:\/\/www.yungayino.cl\/noticias\/index.php?rest_route=\/wp\/v2\/media\/19094"}],"wp:attachment":[{"href":"https:\/\/www.yungayino.cl\/noticias\/index.php?rest_route=%2Fwp%2Fv2%2Fmedia&parent=19093"}],"wp:term":[{"taxonomy":"category","embeddable":true,"href":"https:\/\/www.yungayino.cl\/noticias\/index.php?rest_route=%2Fwp%2Fv2%2Fcategories&post=19093"},{"taxonomy":"post_tag","embeddable":true,"href":"https:\/\/www.yungayino.cl\/noticias\/index.php?rest_route=%2Fwp%2Fv2%2Ftags&post=19093"}],"curies":[{"name":"wp","href":"https:\/\/api.w.org\/{rel}","templated":true}]}}